{"id":8329,"date":"2024-03-01T21:13:00","date_gmt":"2024-03-01T21:13:00","guid":{"rendered":"http:\/\/172.27.0.121\/?p=8329"},"modified":"2024-04-12T21:15:09","modified_gmt":"2024-04-12T21:15:09","slug":"dialogo-y-cooperacion-claves-de-la-26-reunion-ministerial-del-fpeg","status":"publish","type":"post","link":"https:\/\/prensapresidencialvenezuela.gob.ve\/index.php\/2024\/03\/01\/dialogo-y-cooperacion-claves-de-la-26-reunion-ministerial-del-fpeg\/","title":{"rendered":"Di\u00e1logo y cooperaci\u00f3n, claves de la 26\u00b0 Reuni\u00f3n Ministerial del FPEG"},"content":{"rendered":"\n<p><strong>Argel, Argelia.-<\/strong> Cooperaci\u00f3n es la palabra que define la 26\u00b0 Reuni\u00f3n Ministerial Extraordinaria del Foro de Pa\u00edses Exportadores de Gas (FPEG), cuyo debate abord\u00f3 el papel estrat\u00e9gico del gas en el desarrollo de las energ\u00edas sostenibles.<\/p>\n\n\n\n<p>\u201cLas reuniones se desarrollaron en el esp\u00edritu de la solidaridad, de la cooperaci\u00f3n. Fue una reuni\u00f3n de \u00e9xitos dominada por el intercambio de ideas, el di\u00e1logo y la gran cooperaci\u00f3n entre todos los ministros y delegados relacionados con el gas\u201d, puntualiz\u00f3 el ministro de Energ\u00eda y Minas de la Rep\u00fablica Argelina Democr\u00e1tica y Popular, Mohamed Arkab.<\/p>\n\n\n\n<p>En su car\u00e1cter de anfitri\u00f3n, el funcionario argelino subray\u00f3 el genuino inter\u00e9s de las delegaciones en materia de producci\u00f3n e importancia del gas, as\u00ed como en su potencial de desarrollo industrial.<\/p>\n\n\n\n<p>Desde el Centro Internacional de Conferencias \u201cAbdullatif Rahal\u201d, ubicado en la ciudad de Argel, precis\u00f3 que ministros y delegados plantearon la necesidad de avanzar hacia nuevas tecnolog\u00edas para producir hidrocarburos, discusi\u00f3n que deriv\u00f3 en la creaci\u00f3n del Instituto de Investigaci\u00f3n de Gas.<\/p>\n\n\n\n<p>\u201cVamos a constituir un Instituto para que estemos siempre al tanto de lo que se hace a nivel internacional en la industria de una manera sostenible y respetuosa del medio ambiente\u201d, puntualiz\u00f3.<\/p>\n\n\n\n<p><strong>Premios al m\u00e9rito<\/strong><\/p>\n\n\n\n<p>Al t\u00e9rmino de la 26\u00b0 Reuni\u00f3n Ministerial Extraordinaria, la empresa argelina Sonatrach recibi\u00f3 la distinci\u00f3n al m\u00e9rito del Foro de Pa\u00edses Exportadores de Gas por su contribuci\u00f3n activa al desarrollo de la industria del gas natural.<\/p>\n\n\n\n<p>El FPEG otorga premios a personalidades morales o f\u00edsicas en cada Cumbre, en homenaje a los esfuerzos o logros notables realizados para el desarrollo de la industria del gas.<\/p>\n\n\n\n<p><strong>Prensa Presidencial \/ Karelis Gonz\u00e1lez<\/strong><\/p>\n","protected":false},"excerpt":{"rendered":"<p>Argel, Argelia.- Cooperaci\u00f3n es la palabra que define la 26\u00b0 Reuni\u00f3n Ministerial Extraordinaria del Foro de Pa\u00edses Exportadores de Gas (FPEG), cuyo debate abord\u00f3 el papel estrat\u00e9gico del gas en el desarrollo de las energ\u00edas sostenibles. \u201cLas reuniones se desarrollaron en el esp\u00edritu de la solidaridad, de la cooperaci\u00f3n. Fue una reuni\u00f3n de \u00e9xitos dominada [&hellip;]<\/p>\n","protected":false},"author":4,"featured_media":8337,"comment_status":"open","ping_status":"open","sticky":false,"template":"","format":"standard","meta":{"footnotes":""},"categories":[18,7],"tags":[],"class_list":["post-8329","post","type-post","status-publish","format-standard","has-post-thumbnail","hentry","category-noticias-principales","category-notas-de-prensa"],"_links":{"self":[{"href":"https:\/\/prensapresidencialvenezuela.gob.ve\/index.php\/wp-json\/wp\/v2\/posts\/8329","targetHints":{"allow":["GET"]}}],"collection":[{"href":"https:\/\/prensapresidencialvenezuela.gob.ve\/index.php\/wp-json\/wp\/v2\/posts"}],"about":[{"href":"https:\/\/prensapresidencialvenezuela.gob.ve\/index.php\/wp-json\/wp\/v2\/types\/post"}],"author":[{"embeddable":true,"href":"https:\/\/prensapresidencialvenezuela.gob.ve\/index.php\/wp-json\/wp\/v2\/users\/4"}],"replies":[{"embeddable":true,"href":"https:\/\/prensapresidencialvenezuela.gob.ve\/index.php\/wp-json\/wp\/v2\/comments?post=8329"}],"version-history":[{"count":1,"href":"https:\/\/prensapresidencialvenezuela.gob.ve\/index.php\/wp-json\/wp\/v2\/posts\/8329\/revisions"}],"predecessor-version":[{"id":8341,"href":"https:\/\/prensapresidencialvenezuela.gob.ve\/index.php\/wp-json\/wp\/v2\/posts\/8329\/revisions\/8341"}],"wp:featuredmedia":[{"embeddable":true,"href":"https:\/\/prensapresidencialvenezuela.gob.ve\/index.php\/wp-json\/wp\/v2\/media\/8337"}],"wp:attachment":[{"href":"https:\/\/prensapresidencialvenezuela.gob.ve\/index.php\/wp-json\/wp\/v2\/media?parent=8329"}],"wp:term":[{"taxonomy":"category","embeddable":true,"href":"https:\/\/prensapresidencialvenezuela.gob.ve\/index.php\/wp-json\/wp\/v2\/categories?post=8329"},{"taxonomy":"post_tag","embeddable":true,"href":"https:\/\/prensapresidencialvenezuela.gob.ve\/index.php\/wp-json\/wp\/v2\/tags?post=8329"}],"curies":[{"name":"wp","href":"https:\/\/api.w.org\/{rel}","templated":true}]}}