{"id":8336,"date":"2024-01-17T21:14:07","date_gmt":"2024-01-17T21:14:07","guid":{"rendered":"http:\/\/172.27.0.121\/?p=8336"},"modified":"2024-04-12T21:14:50","modified_gmt":"2024-04-12T21:14:50","slug":"presidente-maduro-el-unico-lenguaje-verdadero-de-la-derecha-es-la-violencia","status":"publish","type":"post","link":"https:\/\/prensapresidencialvenezuela.gob.ve\/index.php\/2024\/01\/17\/presidente-maduro-el-unico-lenguaje-verdadero-de-la-derecha-es-la-violencia\/","title":{"rendered":"Presidente Maduro: El \u00fanico lenguaje verdadero de la derecha es la violencia"},"content":{"rendered":"\n<p><strong>Palacio de Miraflores, Caracas.- <\/strong>\u201cEl \u00fanico lenguaje de la derecha es la violencia, su lenguaje verdadero es la violencia, cuando les quitas las m\u00e1scaras de dem\u00f3cratas de pro chavistas, de progresistas, encuentras el monstruo de diablo fascista en todos ellos, est\u00e1n llenos de odio, de venganza, de ambiciones personales, de intereses\u201d. &nbsp;<\/p>\n\n\n\n<p>Las palabras corresponden al presidente de la Rep\u00fablica, Nicol\u00e1s Maduro, quien afirm\u00f3 que los sectores de la derecha venezolana han sometido al pueblo venezolano a duras pruebas desde la partida f\u00edsica del Comandante Ch\u00e1vez, buscando asfixiar la econom\u00eda del pa\u00eds.<\/p>\n\n\n\n<p>\u201cTodas las pruebas en la vida te exigen, pero las que m\u00e1s te exigen son las pruebas duras, las adversidades y hay que ver lo que hemos vivido ya estos casi 11 a\u00f1os\u201d, reflexion\u00f3 durante el episodio n\u00famero cinco de <em>Maduro Podcast.<\/em><\/p>\n\n\n\n<p>En este sentido, asever\u00f3 que el nuevo tiempo hist\u00f3rico que recorre la Patria est\u00e1 marcado por el renacer y la construcci\u00f3n del bienestar social del pueblo.<\/p>\n\n\n\n<p>\u201cEl tiempo hist\u00f3rico que empezamos a vivir, es un tiempo hist\u00f3rico de renacer, de esperanza, de construcci\u00f3n, de crecimiento. Nadie podr\u00e1 confundir y desmoralizar a nuestro pueblo digan lo que digan, por donde lo digan, hagan lo que hagan, por donde lo hagan, porque se va juntando en estos a\u00f1os de lucha y sufrimiento, se va creando una conciencia\u201d, apunt\u00f3.<\/p>\n\n\n\n<p>En contexto, record\u00f3 que los ataques sistem\u00e1ticos de los sectores adversos apostaban al fracaso de la Revoluci\u00f3n Bolivariana.<\/p>\n\n\n\n<p>\u201cNadie apostaba ni medio, a m\u00ed me han subestimado bastante, cuando el pueblo me eligi\u00f3 el 14 de abril de 2013, el fantasma mejor conocido como -Henrique- Capriles dec\u00eda que \u00e9ste no duraba ni un mes, vamos a tumbarlo\u201d, sentenci\u00f3.<\/p>\n\n\n\n<p>Al respecto, resalt\u00f3 el car\u00e1cter socialista y rebelde del pueblo y del Poder Popular organizado, quienes han defendido la construcci\u00f3n de un conjunto de los valores resumidos en los cinco consensos que rigen el devenir de la Revoluci\u00f3n Bolivariana. &nbsp;&nbsp;<\/p>\n\n\n\n<p>\u201cTengo la conciencia tranquila, soy feliz (\u2026) aqu\u00ed vamos nosotros, nervios de acero, calma y cordura, m\u00e1xima movilizaci\u00f3n popular y listos para todo\u201d, exhort\u00f3 el Mandatario.<\/p>\n\n\n\n<p><strong>Prensa Presidencial\/Joelin Jim\u00e9nez<\/strong><\/p>\n","protected":false},"excerpt":{"rendered":"<p>Palacio de Miraflores, Caracas.- \u201cEl \u00fanico lenguaje de la derecha es la violencia, su lenguaje verdadero es la violencia, cuando les quitas las m\u00e1scaras de dem\u00f3cratas de pro chavistas, de progresistas, encuentras el monstruo de diablo fascista en todos ellos, est\u00e1n llenos de odio, de venganza, de ambiciones personales, de intereses\u201d. &nbsp; Las palabras corresponden [&hellip;]<\/p>\n","protected":false},"author":1,"featured_media":8338,"comment_status":"open","ping_status":"open","sticky":false,"template":"","format":"standard","meta":{"footnotes":""},"categories":[7],"tags":[],"class_list":["post-8336","post","type-post","status-publish","format-standard","has-post-thumbnail","hentry","category-notas-de-prensa"],"_links":{"self":[{"href":"https:\/\/prensapresidencialvenezuela.gob.ve\/index.php\/wp-json\/wp\/v2\/posts\/8336","targetHints":{"allow":["GET"]}}],"collection":[{"href":"https:\/\/prensapresidencialvenezuela.gob.ve\/index.php\/wp-json\/wp\/v2\/posts"}],"about":[{"href":"https:\/\/prensapresidencialvenezuela.gob.ve\/index.php\/wp-json\/wp\/v2\/types\/post"}],"author":[{"embeddable":true,"href":"https:\/\/prensapresidencialvenezuela.gob.ve\/index.php\/wp-json\/wp\/v2\/users\/1"}],"replies":[{"embeddable":true,"href":"https:\/\/prensapresidencialvenezuela.gob.ve\/index.php\/wp-json\/wp\/v2\/comments?post=8336"}],"version-history":[{"count":1,"href":"https:\/\/prensapresidencialvenezuela.gob.ve\/index.php\/wp-json\/wp\/v2\/posts\/8336\/revisions"}],"predecessor-version":[{"id":8339,"href":"https:\/\/prensapresidencialvenezuela.gob.ve\/index.php\/wp-json\/wp\/v2\/posts\/8336\/revisions\/8339"}],"wp:featuredmedia":[{"embeddable":true,"href":"https:\/\/prensapresidencialvenezuela.gob.ve\/index.php\/wp-json\/wp\/v2\/media\/8338"}],"wp:attachment":[{"href":"https:\/\/prensapresidencialvenezuela.gob.ve\/index.php\/wp-json\/wp\/v2\/media?parent=8336"}],"wp:term":[{"taxonomy":"category","embeddable":true,"href":"https:\/\/prensapresidencialvenezuela.gob.ve\/index.php\/wp-json\/wp\/v2\/categories?post=8336"},{"taxonomy":"post_tag","embeddable":true,"href":"https:\/\/prensapresidencialvenezuela.gob.ve\/index.php\/wp-json\/wp\/v2\/tags?post=8336"}],"curies":[{"name":"wp","href":"https:\/\/api.w.org\/{rel}","templated":true}]}}