{"id":834,"date":"2022-01-15T19:43:00","date_gmt":"2022-01-15T19:43:00","guid":{"rendered":"http:\/\/172.27.0.121\/?p=834"},"modified":"2022-05-28T19:45:08","modified_gmt":"2022-05-28T19:45:08","slug":"alba-tcp-impulsara-planes-de-produccion-de-alimentos-medicinas-y-vacunas","status":"publish","type":"post","link":"https:\/\/prensapresidencialvenezuela.gob.ve\/index.php\/2022\/01\/15\/alba-tcp-impulsara-planes-de-produccion-de-alimentos-medicinas-y-vacunas\/","title":{"rendered":"ALBA-TCP impulsar\u00e1 planes de producci\u00f3n de alimentos, medicinas y vacunas"},"content":{"rendered":"\n<p><strong>Palacio Federal Legislativo; Caracas. \u2013<\/strong> El jefe de Estado y Gobierno, Nicol\u00e1s Maduro, inform\u00f3 que la Alianza Bolivariana para los Pueblos de Nuestra Am\u00e9rica \u2013 Tratado de Comercio de los Pueblos (ALBA-TCP) impulsar\u00e1 la producci\u00f3n de alimentos, medicinas y vacunas.<\/p>\n\n\n\n<p>\u201cImpulsar planes importantes de producci\u00f3n agr\u00edcola, alimentos, medicinas y vacunas intra-ALBA\u201d, detall\u00f3 el Presidente durante el Mensaje Anual a la Naci\u00f3n, ofrecido ante la Asamblea Nacional este 15 de enero.<\/p>\n\n\n\n<p>Asimismo, indic\u00f3 que la organizaci\u00f3n regional \u201ces un poder moral, diplom\u00e1tico y se va convertir en un poder econ\u00f3mico\u201d, al tiempo que explic\u00f3 que se busca recobrar y fortalecer a Petrocaribe, apalancado con la recuperaci\u00f3n productiva de Petr\u00f3leos de Venezuela (PDVSA).<\/p>\n\n\n\n<p>\u201cA medida que vayamos recuperando PDVSA, vamos a recuperar uno de los proyectos fundamentales del ALBA: Petrocaribe; que volver\u00e1 a surcar los mares de El Caribe para llevar servicio a los pueblos hermanos\u201d, detall\u00f3.<\/p>\n\n\n\n<p>El Dignatario venezolano puntualiz\u00f3 que en el ALBA-TCP se consolidaron planes concretos de acci\u00f3n, durante las dos Cumbres realizadas: una el 24 de junio con motivo de los 200 a\u00f1os de la Batalla de Carabobo, en Caracas y la siguiente en La Habana, Cuba, el pasado 14 de diciembre.<\/p>\n\n\n\n<p><strong>Prensa Presidencial\/Eduardo Hueck<\/strong><\/p>\n","protected":false},"excerpt":{"rendered":"<p>Palacio Federal Legislativo; Caracas. \u2013 El jefe de Estado y Gobierno, Nicol\u00e1s Maduro, inform\u00f3 que la Alianza Bolivariana para los Pueblos de Nuestra Am\u00e9rica \u2013 Tratado de Comercio de los Pueblos (ALBA-TCP) impulsar\u00e1 la producci\u00f3n de alimentos, medicinas y vacunas. \u201cImpulsar planes importantes de producci\u00f3n agr\u00edcola, alimentos, medicinas y vacunas intra-ALBA\u201d, detall\u00f3 el Presidente durante [&hellip;]<\/p>\n","protected":false},"author":6,"featured_media":835,"comment_status":"open","ping_status":"open","sticky":false,"template":"","format":"standard","meta":{"footnotes":""},"categories":[7],"tags":[],"class_list":["post-834","post","type-post","status-publish","format-standard","has-post-thumbnail","hentry","category-notas-de-prensa"],"_links":{"self":[{"href":"https:\/\/prensapresidencialvenezuela.gob.ve\/index.php\/wp-json\/wp\/v2\/posts\/834","targetHints":{"allow":["GET"]}}],"collection":[{"href":"https:\/\/prensapresidencialvenezuela.gob.ve\/index.php\/wp-json\/wp\/v2\/posts"}],"about":[{"href":"https:\/\/prensapresidencialvenezuela.gob.ve\/index.php\/wp-json\/wp\/v2\/types\/post"}],"author":[{"embeddable":true,"href":"https:\/\/prensapresidencialvenezuela.gob.ve\/index.php\/wp-json\/wp\/v2\/users\/6"}],"replies":[{"embeddable":true,"href":"https:\/\/prensapresidencialvenezuela.gob.ve\/index.php\/wp-json\/wp\/v2\/comments?post=834"}],"version-history":[{"count":1,"href":"https:\/\/prensapresidencialvenezuela.gob.ve\/index.php\/wp-json\/wp\/v2\/posts\/834\/revisions"}],"predecessor-version":[{"id":836,"href":"https:\/\/prensapresidencialvenezuela.gob.ve\/index.php\/wp-json\/wp\/v2\/posts\/834\/revisions\/836"}],"wp:featuredmedia":[{"embeddable":true,"href":"https:\/\/prensapresidencialvenezuela.gob.ve\/index.php\/wp-json\/wp\/v2\/media\/835"}],"wp:attachment":[{"href":"https:\/\/prensapresidencialvenezuela.gob.ve\/index.php\/wp-json\/wp\/v2\/media?parent=834"}],"wp:term":[{"taxonomy":"category","embeddable":true,"href":"https:\/\/prensapresidencialvenezuela.gob.ve\/index.php\/wp-json\/wp\/v2\/categories?post=834"},{"taxonomy":"post_tag","embeddable":true,"href":"https:\/\/prensapresidencialvenezuela.gob.ve\/index.php\/wp-json\/wp\/v2\/tags?post=834"}],"curies":[{"name":"wp","href":"https:\/\/api.w.org\/{rel}","templated":true}]}}