{"id":8342,"date":"2024-03-01T21:15:00","date_gmt":"2024-03-01T21:15:00","guid":{"rendered":"http:\/\/172.27.0.121\/?p=8342"},"modified":"2024-04-12T21:16:40","modified_gmt":"2024-04-12T21:16:40","slug":"doha-y-caracas-reafirman-voluntad-de-aumentar-cooperacion-en-hidrocarburos","status":"publish","type":"post","link":"https:\/\/prensapresidencialvenezuela.gob.ve\/index.php\/2024\/03\/01\/doha-y-caracas-reafirman-voluntad-de-aumentar-cooperacion-en-hidrocarburos\/","title":{"rendered":"Doha y Caracas reafirman voluntad de aumentar cooperaci\u00f3n en hidrocarburos"},"content":{"rendered":"\n<p><strong>Argel, Argelia.- <\/strong>En una acci\u00f3n destinada a profundizar la cooperaci\u00f3n estrat\u00e9gica en materia de hidrocarburos, los gobiernos de Catar y Venezuela eval\u00faan nuevas oportunidades de desarrollo conjunto.<\/p>\n\n\n\n<p>El di\u00e1logo protagonizado por el ministro del Poder Popular para Petr\u00f3leo, Pedro Rafael Tellechea, y su hom\u00f3logo de Energ\u00eda de Catar, Saad Sherida al-Kaabi, sucedi\u00f3 al t\u00e9rmino de su participaci\u00f3n en la 26\u00b0 Reuni\u00f3n Ministerial Extraordinaria del Foro de Pa\u00edses Exportadores de Gas (FPEG), cuya VII Cumbre de Jefes de Estado y de Gobierno se instalar\u00e1 este s\u00e1bado 2 de marzo en el Centro Internacional de Conferencias \u201cAbdullatif Rahal\u201d.<\/p>\n\n\n\n<p>Sobre la s\u00f3lida alianza entre Caracas y Doha, Tellechea subray\u00f3 que \u201cson nuestros hermanos\u201d y transitan en unidad, bajo un esquema ganar-ganar, para \u201cbuscar el aumento de la cooperaci\u00f3n, tanto en hidrocarburos como en gas\u201d.<\/p>\n\n\n\n<p>Por otro lado, el titular de Petr\u00f3leo enfatiz\u00f3 que espacios de debate como el Foro de Pa\u00edses Exportadores de Gas, que inici\u00f3 formalmente este viernes, permite avanzar \u201cen el marco de la igualdad, el respeto, la hermandad\u201d.<\/p>\n\n\n\n<p>\u201cEstamos celebrando con los ministros de Catar, Egipto, Trinidad y Tobago, todos los participantes con la finalidad de tener esos puntos de encuentros, saber c\u00f3mo podemos ir avanzando (\u2026) Nosotros crecemos si ellos crecen, si crecemos nosotros crecen ellos, eso es lo que hemos buscado, una relaci\u00f3n ganar-ganar para que Venezuela siga punteando por las energ\u00edas\u201d, puntualiz\u00f3.<\/p>\n\n\n\n<p>Las relaciones bilaterales entre Catar y Venezuela datan del 24 de mayo de 1974, fortaleci\u00e9ndose a partir el a\u00f1o 1999 con la llegada del Comandante Hugo Ch\u00e1vez. En el a\u00f1o 2022, tomar\u00edan un nuevo impulso gracias a la visita oficial del presidente de la Rep\u00fablica, Nicol\u00e1s Maduro, al Estado de Qatar en el mes de junio.<\/p>\n\n\n\n<p>Doha y Venezuela mantienen acuerdos en \u00e1reas estrat\u00e9gicas, al tiempo que comparten una posici\u00f3n conjunta en temas de inter\u00e9s geopol\u00edtico.<\/p>\n\n\n\n<p><strong>Prensa Presidencial \/ Karelis Gonz\u00e1lez<\/strong><\/p>\n","protected":false},"excerpt":{"rendered":"<p>Argel, Argelia.- En una acci\u00f3n destinada a profundizar la cooperaci\u00f3n estrat\u00e9gica en materia de hidrocarburos, los gobiernos de Catar y Venezuela eval\u00faan nuevas oportunidades de desarrollo conjunto. El di\u00e1logo protagonizado por el ministro del Poder Popular para Petr\u00f3leo, Pedro Rafael Tellechea, y su hom\u00f3logo de Energ\u00eda de Catar, Saad Sherida al-Kaabi, sucedi\u00f3 al t\u00e9rmino de [&hellip;]<\/p>\n","protected":false},"author":4,"featured_media":8346,"comment_status":"open","ping_status":"open","sticky":false,"template":"","format":"standard","meta":{"footnotes":""},"categories":[18,7],"tags":[],"class_list":["post-8342","post","type-post","status-publish","format-standard","has-post-thumbnail","hentry","category-noticias-principales","category-notas-de-prensa"],"_links":{"self":[{"href":"https:\/\/prensapresidencialvenezuela.gob.ve\/index.php\/wp-json\/wp\/v2\/posts\/8342","targetHints":{"allow":["GET"]}}],"collection":[{"href":"https:\/\/prensapresidencialvenezuela.gob.ve\/index.php\/wp-json\/wp\/v2\/posts"}],"about":[{"href":"https:\/\/prensapresidencialvenezuela.gob.ve\/index.php\/wp-json\/wp\/v2\/types\/post"}],"author":[{"embeddable":true,"href":"https:\/\/prensapresidencialvenezuela.gob.ve\/index.php\/wp-json\/wp\/v2\/users\/4"}],"replies":[{"embeddable":true,"href":"https:\/\/prensapresidencialvenezuela.gob.ve\/index.php\/wp-json\/wp\/v2\/comments?post=8342"}],"version-history":[{"count":1,"href":"https:\/\/prensapresidencialvenezuela.gob.ve\/index.php\/wp-json\/wp\/v2\/posts\/8342\/revisions"}],"predecessor-version":[{"id":8350,"href":"https:\/\/prensapresidencialvenezuela.gob.ve\/index.php\/wp-json\/wp\/v2\/posts\/8342\/revisions\/8350"}],"wp:featuredmedia":[{"embeddable":true,"href":"https:\/\/prensapresidencialvenezuela.gob.ve\/index.php\/wp-json\/wp\/v2\/media\/8346"}],"wp:attachment":[{"href":"https:\/\/prensapresidencialvenezuela.gob.ve\/index.php\/wp-json\/wp\/v2\/media?parent=8342"}],"wp:term":[{"taxonomy":"category","embeddable":true,"href":"https:\/\/prensapresidencialvenezuela.gob.ve\/index.php\/wp-json\/wp\/v2\/categories?post=8342"},{"taxonomy":"post_tag","embeddable":true,"href":"https:\/\/prensapresidencialvenezuela.gob.ve\/index.php\/wp-json\/wp\/v2\/tags?post=8342"}],"curies":[{"name":"wp","href":"https:\/\/api.w.org\/{rel}","templated":true}]}}