{"id":8349,"date":"2023-11-13T21:16:00","date_gmt":"2023-11-13T21:16:00","guid":{"rendered":"http:\/\/172.27.0.121\/?p=8349"},"modified":"2024-04-12T21:19:55","modified_gmt":"2024-04-12T21:19:55","slug":"gobierno-nacional-fortalece-red-ambulatoria-de-salud","status":"publish","type":"post","link":"https:\/\/prensapresidencialvenezuela.gob.ve\/index.php\/2023\/11\/13\/gobierno-nacional-fortalece-red-ambulatoria-de-salud\/","title":{"rendered":"Gobierno Nacional fortalece red ambulatoria de salud"},"content":{"rendered":"\n<figure class=\"wp-block-table\"><table><tbody><tr><td><\/td><\/tr><\/tbody><\/table><\/figure>\n\n\n\n<p><strong>Palacio de Miraflores, Caracas.-<\/strong> La jefa de la Unidad de Batalla Bol\u00edvar \u2013 Ch\u00e1vez (UBCh), Deily James, oriunda de San Felipe, en el estado Yaracuy, recibi\u00f3 entre lagrimas y con gran entusiasmo la llamada sorpresiva del presidente de la Rep\u00fablica Bolivariana de Venezuela, Nicol\u00e1s Maduro, durante el programa \u201cCon Maduro +\u201d.<\/p>\n\n\n\n<p>Ella solicit\u00f3, a trav\u00e9s de la VenApp del 1 x 10 del Buen Gobierno, la intervenci\u00f3n del Centro de Diagn\u00f3stico Integral (CDI), de su sector, porque la estructura presenta diversas fallas, entre ellas: filtraciones, deterioro en pintura, cocina y salas de ba\u00f1o. De igual forma solicit\u00f3 insumos y equipamiento para el \u00e1rea de hospitalizaci\u00f3n. Tambi\u00e9n, expuso la necesidad de adecuar un banco de transformadores el\u00e9ctricos.<\/p>\n\n\n\n<p>La dirigente comunitaria inform\u00f3 que \u201calrededor de 3 mil personas\u201d se beneficiar\u00e1n de estas labores.<\/p>\n\n\n\n<p>El Mandatario nacional afirm\u00f3 que su caso ser\u00e1 atendido a la mayor brevedad y que desde ya, se movilizar\u00e1n los equipos respectivos, para atender la problem\u00e1tica.<\/p>\n\n\n\n<p>Al respecto, la ministra del Poder Popular para la Salud, Magaly Guti\u00e9rrez, indic\u00f3 que el estado Yaracuy \u201ccuenta con 15 \u00e1reas de salud integral comunitaria, tiene aproximadamente 216 consultorios populares, 14 CDI y 14 CRI y este a\u00f1o hemos rehabilitado cuarenta y tres consultorios populares, fortaleciendo la red ambulatoria\u201d.<\/p>\n\n\n\n<p>En este contexto, el Dignatario orient\u00f3 seguir elevando la meta de atenciones para que cada vez m\u00e1s familias vean solucionadas las problem\u00e1ticas comunitarias, a trav\u00e9s de la plataforma del 1&#215;10 del Buen Gobierno.<\/p>\n\n\n\n<p>&nbsp;\u201cVamos avanzando, estamos trabajando intensamente, pero el pueblo necesita que nosotros demos m\u00e1s\u201d, insisti\u00f3 el Presidente.<\/p>\n\n\n\n<p>En otro tema, el Mandatario valor\u00f3 el esfuerzo de los l\u00edderes populares por \u201cmotivar al pueblo para un gran refer\u00e9ndum consultivo hist\u00f3rico el 03 de diciembre\u201d.<\/p>\n\n\n\n<p><strong>Prensa Presidencial\/Mar\u00eda Mercedes Noguera<\/strong><\/p>\n","protected":false},"excerpt":{"rendered":"<p>Palacio de Miraflores, Caracas.- La jefa de la Unidad de Batalla Bol\u00edvar \u2013 Ch\u00e1vez (UBCh), Deily James, oriunda de San Felipe, en el estado Yaracuy, recibi\u00f3 entre lagrimas y con gran entusiasmo la llamada sorpresiva del presidente de la Rep\u00fablica Bolivariana de Venezuela, Nicol\u00e1s Maduro, durante el programa \u201cCon Maduro +\u201d. Ella solicit\u00f3, a trav\u00e9s [&hellip;]<\/p>\n","protected":false},"author":6,"featured_media":8355,"comment_status":"open","ping_status":"open","sticky":false,"template":"","format":"standard","meta":{"footnotes":""},"categories":[18,7],"tags":[57,30,19,27,20],"class_list":["post-8349","post","type-post","status-publish","format-standard","has-post-thumbnail","hentry","category-noticias-principales","category-notas-de-prensa","tag-1x10","tag-destacado","tag-nicolas-maduro","tag-revolucion-bolivariana","tag-venezuela"],"_links":{"self":[{"href":"https:\/\/prensapresidencialvenezuela.gob.ve\/index.php\/wp-json\/wp\/v2\/posts\/8349","targetHints":{"allow":["GET"]}}],"collection":[{"href":"https:\/\/prensapresidencialvenezuela.gob.ve\/index.php\/wp-json\/wp\/v2\/posts"}],"about":[{"href":"https:\/\/prensapresidencialvenezuela.gob.ve\/index.php\/wp-json\/wp\/v2\/types\/post"}],"author":[{"embeddable":true,"href":"https:\/\/prensapresidencialvenezuela.gob.ve\/index.php\/wp-json\/wp\/v2\/users\/6"}],"replies":[{"embeddable":true,"href":"https:\/\/prensapresidencialvenezuela.gob.ve\/index.php\/wp-json\/wp\/v2\/comments?post=8349"}],"version-history":[{"count":1,"href":"https:\/\/prensapresidencialvenezuela.gob.ve\/index.php\/wp-json\/wp\/v2\/posts\/8349\/revisions"}],"predecessor-version":[{"id":8356,"href":"https:\/\/prensapresidencialvenezuela.gob.ve\/index.php\/wp-json\/wp\/v2\/posts\/8349\/revisions\/8356"}],"wp:featuredmedia":[{"embeddable":true,"href":"https:\/\/prensapresidencialvenezuela.gob.ve\/index.php\/wp-json\/wp\/v2\/media\/8355"}],"wp:attachment":[{"href":"https:\/\/prensapresidencialvenezuela.gob.ve\/index.php\/wp-json\/wp\/v2\/media?parent=8349"}],"wp:term":[{"taxonomy":"category","embeddable":true,"href":"https:\/\/prensapresidencialvenezuela.gob.ve\/index.php\/wp-json\/wp\/v2\/categories?post=8349"},{"taxonomy":"post_tag","embeddable":true,"href":"https:\/\/prensapresidencialvenezuela.gob.ve\/index.php\/wp-json\/wp\/v2\/tags?post=8349"}],"curies":[{"name":"wp","href":"https:\/\/api.w.org\/{rel}","templated":true}]}}