{"id":8364,"date":"2023-11-13T21:22:00","date_gmt":"2023-11-13T21:22:00","guid":{"rendered":"http:\/\/172.27.0.121\/?p=8364"},"modified":"2024-04-12T21:25:01","modified_gmt":"2024-04-12T21:25:01","slug":"escuelas-liceos-y-universidades-deben-convertirse-en-centros-de-conocimiento-historico","status":"publish","type":"post","link":"https:\/\/prensapresidencialvenezuela.gob.ve\/index.php\/2023\/11\/13\/escuelas-liceos-y-universidades-deben-convertirse-en-centros-de-conocimiento-historico\/","title":{"rendered":"Escuelas, liceos y universidades deben convertirse en centros de conocimiento hist\u00f3rico"},"content":{"rendered":"\n<p><strong>Palacio de Miraflores, Caracas.-<\/strong> El presidente de la Rep\u00fablica, Nicol\u00e1s Maduro, hizo un llamado a las comunidades educativas, escuelas, colegios, liceos y universidades, a convertirse en \u201ccentros de conocimiento hist\u00f3rico\u201d, donde se debata la defensa del territorio Esequibo, en aras de educar a los ni\u00f1os, ni\u00f1as y j\u00f3venes sobre este tema de car\u00e1cter hist\u00f3rico.<\/p>\n\n\n\n<p>\u201cYo les digo a las maestras, maestros, profesores, profesoras, familias, padres, madres, representantes, a todos. Es la hora para convertir las escuelas, colegios, liceos y universidades en un centro de conocimiento hist\u00f3rico, para defender nuestro mapa completo\u201d, se\u00f1al\u00f3 el Mandatario durante el programa \u201cCon Maduro +\u201d.<\/p>\n\n\n\n<p>En este sentido, insisti\u00f3 que la campa\u00f1a electoral debe ser pedag\u00f3gica e informativa, que permita debatir las 5 preguntas sobre el refer\u00e9ndum consultivo del pr\u00f3ximo 3 de diciembre.<\/p>\n\n\n\n<p>\u201cTodos debemos conocer m\u00e1s a nuestra patria, a nuestra historia y esa es la labor (\u2026) la campa\u00f1a electoral tiene que ser pedag\u00f3gica, que despierte conciencia, que redescubra la Venezuela profunda y que plantee una esperanza posible\u201d, exhort\u00f3.<\/p>\n\n\n\n<p><strong>Prensa Presidencial\/Joelin Jim\u00e9nez<\/strong><\/p>\n","protected":false},"excerpt":{"rendered":"<p>Palacio de Miraflores, Caracas.- El presidente de la Rep\u00fablica, Nicol\u00e1s Maduro, hizo un llamado a las comunidades educativas, escuelas, colegios, liceos y universidades, a convertirse en \u201ccentros de conocimiento hist\u00f3rico\u201d, donde se debata la defensa del territorio Esequibo, en aras de educar a los ni\u00f1os, ni\u00f1as y j\u00f3venes sobre este tema de car\u00e1cter hist\u00f3rico. \u201cYo [&hellip;]<\/p>\n","protected":false},"author":6,"featured_media":8372,"comment_status":"open","ping_status":"open","sticky":false,"template":"","format":"standard","meta":{"footnotes":""},"categories":[18,7],"tags":[30,19,27,20],"class_list":["post-8364","post","type-post","status-publish","format-standard","has-post-thumbnail","hentry","category-noticias-principales","category-notas-de-prensa","tag-destacado","tag-nicolas-maduro","tag-revolucion-bolivariana","tag-venezuela"],"_links":{"self":[{"href":"https:\/\/prensapresidencialvenezuela.gob.ve\/index.php\/wp-json\/wp\/v2\/posts\/8364","targetHints":{"allow":["GET"]}}],"collection":[{"href":"https:\/\/prensapresidencialvenezuela.gob.ve\/index.php\/wp-json\/wp\/v2\/posts"}],"about":[{"href":"https:\/\/prensapresidencialvenezuela.gob.ve\/index.php\/wp-json\/wp\/v2\/types\/post"}],"author":[{"embeddable":true,"href":"https:\/\/prensapresidencialvenezuela.gob.ve\/index.php\/wp-json\/wp\/v2\/users\/6"}],"replies":[{"embeddable":true,"href":"https:\/\/prensapresidencialvenezuela.gob.ve\/index.php\/wp-json\/wp\/v2\/comments?post=8364"}],"version-history":[{"count":1,"href":"https:\/\/prensapresidencialvenezuela.gob.ve\/index.php\/wp-json\/wp\/v2\/posts\/8364\/revisions"}],"predecessor-version":[{"id":8374,"href":"https:\/\/prensapresidencialvenezuela.gob.ve\/index.php\/wp-json\/wp\/v2\/posts\/8364\/revisions\/8374"}],"wp:featuredmedia":[{"embeddable":true,"href":"https:\/\/prensapresidencialvenezuela.gob.ve\/index.php\/wp-json\/wp\/v2\/media\/8372"}],"wp:attachment":[{"href":"https:\/\/prensapresidencialvenezuela.gob.ve\/index.php\/wp-json\/wp\/v2\/media?parent=8364"}],"wp:term":[{"taxonomy":"category","embeddable":true,"href":"https:\/\/prensapresidencialvenezuela.gob.ve\/index.php\/wp-json\/wp\/v2\/categories?post=8364"},{"taxonomy":"post_tag","embeddable":true,"href":"https:\/\/prensapresidencialvenezuela.gob.ve\/index.php\/wp-json\/wp\/v2\/tags?post=8364"}],"curies":[{"name":"wp","href":"https:\/\/api.w.org\/{rel}","templated":true}]}}