{"id":8368,"date":"2024-01-18T21:23:29","date_gmt":"2024-01-18T21:23:29","guid":{"rendered":"http:\/\/172.27.0.121\/?p=8368"},"modified":"2024-04-12T21:25:01","modified_gmt":"2024-04-12T21:25:01","slug":"mision-ritmo-canto-y-baile-popular-enaltecera-la-identidad-cultural-de-venezuela","status":"publish","type":"post","link":"https:\/\/prensapresidencialvenezuela.gob.ve\/index.php\/2024\/01\/18\/mision-ritmo-canto-y-baile-popular-enaltecera-la-identidad-cultural-de-venezuela\/","title":{"rendered":"Misi\u00f3n Ritmo, Canto y Baile Popular enaltecer\u00e1 la identidad cultural de Venezuela"},"content":{"rendered":"\n<p><\/p>\n\n\n\n<p><strong>La Casona Cultural, estado Miranda.- <\/strong>A partir de una propuesta elevada por los m\u00fasicos Iv\u00e1n P\u00e9rez Rossi y Francisco Pacheco, el presidente de la Rep\u00fablica, Nicol\u00e1s Maduro, instruy\u00f3 estructurar la Misi\u00f3n Ritmo, Canto y Baile Popular para enaltecer la identidad cultural venezolana.<\/p>\n\n\n\n<p>La propuesta de creaci\u00f3n de la Gran Misi\u00f3n Ritmo, Canto y Baile Popular estar\u00e1 a cargo del vicepresidente de Comunicaci\u00f3n, Cultura y Turismo, Freddy \u00d1\u00e1\u00f1ez, y el ministro del Poder Popular para la Cultura, Ernesto Villegas, quienes trazar la estrategia que permita \u201cel relanzamiento, fortalecimiento y posicionamiento de los ritmos, cantos y poes\u00eda\u201d.<\/p>\n\n\n\n<p>\u201cRitmo, Canto y Baile Popular, una misi\u00f3n poderosa para que ustedes (cultores venezolanos) sean los protagonistas\u201d, enfatiz\u00f3 desde La Casona Cultural \u201cAquiles Nazoa\u201d, ubicada en el estado Miranda.<\/p>\n\n\n\n<p>Al se\u00f1alar que, en sus aportes cr\u00edticos, P\u00e9rez Rossi y Pacheco expon\u00edan que \u201cnuestros ritmos y cantos no se escuchan, montan tarimas por ac\u00e1, por all\u00e1 y nuestros cantos no se escuchan\u201d, el jefe de Estado reiter\u00f3 que es necesario fortalecer los valores culturales en \u201ccada escuela, cada comunidad, ritmo por ritmo, canto por canto\u201d.<\/p>\n\n\n\n<p>\u201cTenemos que ir a un relanzamiento de nuestros ritmos, de nuestros cantos, de nuestro baile porque el baile, el canto y el ritmo vale m\u00e1s que todos los cantos y ritmos del mundo, deben ser los que muevan a los ni\u00f1os, a las ni\u00f1as, a la juventud, lo que mueva la identidad\u201d, puntualiz\u00f3.<\/p>\n\n\n\n<p><strong>Prensa Presidencial \/ Karelis Gonz\u00e1lez<\/strong><\/p>\n","protected":false},"excerpt":{"rendered":"<p>La Casona Cultural, estado Miranda.- A partir de una propuesta elevada por los m\u00fasicos Iv\u00e1n P\u00e9rez Rossi y Francisco Pacheco, el presidente de la Rep\u00fablica, Nicol\u00e1s Maduro, instruy\u00f3 estructurar la Misi\u00f3n Ritmo, Canto y Baile Popular para enaltecer la identidad cultural venezolana. La propuesta de creaci\u00f3n de la Gran Misi\u00f3n Ritmo, Canto y Baile Popular [&hellip;]<\/p>\n","protected":false},"author":1,"featured_media":8371,"comment_status":"open","ping_status":"open","sticky":false,"template":"","format":"standard","meta":{"footnotes":""},"categories":[7],"tags":[],"class_list":["post-8368","post","type-post","status-publish","format-standard","has-post-thumbnail","hentry","category-notas-de-prensa"],"_links":{"self":[{"href":"https:\/\/prensapresidencialvenezuela.gob.ve\/index.php\/wp-json\/wp\/v2\/posts\/8368","targetHints":{"allow":["GET"]}}],"collection":[{"href":"https:\/\/prensapresidencialvenezuela.gob.ve\/index.php\/wp-json\/wp\/v2\/posts"}],"about":[{"href":"https:\/\/prensapresidencialvenezuela.gob.ve\/index.php\/wp-json\/wp\/v2\/types\/post"}],"author":[{"embeddable":true,"href":"https:\/\/prensapresidencialvenezuela.gob.ve\/index.php\/wp-json\/wp\/v2\/users\/1"}],"replies":[{"embeddable":true,"href":"https:\/\/prensapresidencialvenezuela.gob.ve\/index.php\/wp-json\/wp\/v2\/comments?post=8368"}],"version-history":[{"count":1,"href":"https:\/\/prensapresidencialvenezuela.gob.ve\/index.php\/wp-json\/wp\/v2\/posts\/8368\/revisions"}],"predecessor-version":[{"id":8373,"href":"https:\/\/prensapresidencialvenezuela.gob.ve\/index.php\/wp-json\/wp\/v2\/posts\/8368\/revisions\/8373"}],"wp:featuredmedia":[{"embeddable":true,"href":"https:\/\/prensapresidencialvenezuela.gob.ve\/index.php\/wp-json\/wp\/v2\/media\/8371"}],"wp:attachment":[{"href":"https:\/\/prensapresidencialvenezuela.gob.ve\/index.php\/wp-json\/wp\/v2\/media?parent=8368"}],"wp:term":[{"taxonomy":"category","embeddable":true,"href":"https:\/\/prensapresidencialvenezuela.gob.ve\/index.php\/wp-json\/wp\/v2\/categories?post=8368"},{"taxonomy":"post_tag","embeddable":true,"href":"https:\/\/prensapresidencialvenezuela.gob.ve\/index.php\/wp-json\/wp\/v2\/tags?post=8368"}],"curies":[{"name":"wp","href":"https:\/\/api.w.org\/{rel}","templated":true}]}}