{"id":8391,"date":"2024-01-18T21:31:23","date_gmt":"2024-01-18T21:31:23","guid":{"rendered":"http:\/\/172.27.0.121\/?p=8391"},"modified":"2024-04-12T21:33:00","modified_gmt":"2024-04-12T21:33:00","slug":"revolucion-bolivariana-se-prepara-para-la-victoria-presidencial-una-vez-que-el-cne-convoque","status":"publish","type":"post","link":"https:\/\/prensapresidencialvenezuela.gob.ve\/index.php\/2024\/01\/18\/revolucion-bolivariana-se-prepara-para-la-victoria-presidencial-una-vez-que-el-cne-convoque\/","title":{"rendered":"Revoluci\u00f3n Bolivariana se prepara para la victoria presidencial una vez que el CNE convoque"},"content":{"rendered":"\n<p><\/p>\n\n\n\n<p><strong>La Casona Cultural, estado Miranda.-&nbsp;<\/strong>El jefe de Estado, Nicol\u00e1s Maduro, &nbsp;se\u00f1al\u00f3 que Venezuela llevar\u00e1 a cabo su proceso electoral una vez sea anunciado por el ente rector en esta materia, el Consejo Nacional Electoral (CNE), al tiempo que afirm\u00f3 que los comicios se realizar\u00e1n sin importar los obst\u00e1culos en el camino y en paz.<\/p>\n\n\n\n<p>\u201cElecciones presidenciales tocan, mandato constitucional que se cumplir\u00e1 otra vez en Venezuela de manera impecable cuando toquen, cuando el poder electoral convoque, con conspiraci\u00f3n, sin conspiraci\u00f3n, con sanciones sin sanciones. Como no las pongan. Venezuela ir\u00e1 a elecciones presidenciales y el pueblo venezolano tendr\u00e1 una nueva gran victoria este a\u00f1o 2024 para despejar el camino al 2030\u201d, sentenci\u00f3.<\/p>\n\n\n\n<p>Durante una jornada de trabajo con representantes del Congreso de la Nueva \u00c9poca, el presidente Maduro llam\u00f3 a la calma, pero a estar preparados y as\u00ed garantizar un nuevo camino de triunfos para la Revoluci\u00f3n Bolivariana.<\/p>\n\n\n\n<p>\u201cMovilizaci\u00f3n, preparaci\u00f3n de fuerza y, con el favor de Dios, ir el d\u00eda que toque a tener la gran victoria, ser\u00eda la victoria n\u00famero 28 de la Revoluci\u00f3n Bolivariana en procesos electorales. No tengan duda. Los tiempos de Dios son perfectos. Yo dejo que las cosas fluyan\u201d, puntualiz\u00f3.<\/p>\n\n\n\n<p><strong>Prensa Presidencial\/Mar\u00eda Mercedes Noguera<\/strong><\/p>\n","protected":false},"excerpt":{"rendered":"<p>La Casona Cultural, estado Miranda.-&nbsp;El jefe de Estado, Nicol\u00e1s Maduro, &nbsp;se\u00f1al\u00f3 que Venezuela llevar\u00e1 a cabo su proceso electoral una vez sea anunciado por el ente rector en esta materia, el Consejo Nacional Electoral (CNE), al tiempo que afirm\u00f3 que los comicios se realizar\u00e1n sin importar los obst\u00e1culos en el camino y en paz. \u201cElecciones [&hellip;]<\/p>\n","protected":false},"author":1,"featured_media":8392,"comment_status":"open","ping_status":"open","sticky":false,"template":"","format":"standard","meta":{"footnotes":""},"categories":[7],"tags":[],"class_list":["post-8391","post","type-post","status-publish","format-standard","has-post-thumbnail","hentry","category-notas-de-prensa"],"_links":{"self":[{"href":"https:\/\/prensapresidencialvenezuela.gob.ve\/index.php\/wp-json\/wp\/v2\/posts\/8391","targetHints":{"allow":["GET"]}}],"collection":[{"href":"https:\/\/prensapresidencialvenezuela.gob.ve\/index.php\/wp-json\/wp\/v2\/posts"}],"about":[{"href":"https:\/\/prensapresidencialvenezuela.gob.ve\/index.php\/wp-json\/wp\/v2\/types\/post"}],"author":[{"embeddable":true,"href":"https:\/\/prensapresidencialvenezuela.gob.ve\/index.php\/wp-json\/wp\/v2\/users\/1"}],"replies":[{"embeddable":true,"href":"https:\/\/prensapresidencialvenezuela.gob.ve\/index.php\/wp-json\/wp\/v2\/comments?post=8391"}],"version-history":[{"count":1,"href":"https:\/\/prensapresidencialvenezuela.gob.ve\/index.php\/wp-json\/wp\/v2\/posts\/8391\/revisions"}],"predecessor-version":[{"id":8394,"href":"https:\/\/prensapresidencialvenezuela.gob.ve\/index.php\/wp-json\/wp\/v2\/posts\/8391\/revisions\/8394"}],"wp:featuredmedia":[{"embeddable":true,"href":"https:\/\/prensapresidencialvenezuela.gob.ve\/index.php\/wp-json\/wp\/v2\/media\/8392"}],"wp:attachment":[{"href":"https:\/\/prensapresidencialvenezuela.gob.ve\/index.php\/wp-json\/wp\/v2\/media?parent=8391"}],"wp:term":[{"taxonomy":"category","embeddable":true,"href":"https:\/\/prensapresidencialvenezuela.gob.ve\/index.php\/wp-json\/wp\/v2\/categories?post=8391"},{"taxonomy":"post_tag","embeddable":true,"href":"https:\/\/prensapresidencialvenezuela.gob.ve\/index.php\/wp-json\/wp\/v2\/tags?post=8391"}],"curies":[{"name":"wp","href":"https:\/\/api.w.org\/{rel}","templated":true}]}}