{"id":8396,"date":"2024-03-04T21:33:00","date_gmt":"2024-03-04T21:33:00","guid":{"rendered":"http:\/\/172.27.0.121\/?p=8396"},"modified":"2024-04-12T21:35:32","modified_gmt":"2024-04-12T21:35:32","slug":"plan-del-futuro-del-gobierno-bolivariano-se-construye-con-propuestas-del-pueblo","status":"publish","type":"post","link":"https:\/\/prensapresidencialvenezuela.gob.ve\/index.php\/2024\/03\/04\/plan-del-futuro-del-gobierno-bolivariano-se-construye-con-propuestas-del-pueblo\/","title":{"rendered":"Plan del futuro del Gobierno Bolivariano\u00a0 se construye con propuestas del pueblo"},"content":{"rendered":"\n<p><strong>Estadio Monumental Sim\u00f3n Bol\u00edvar, Caracas.-<\/strong> El Plan de las 7 T propuesto por el presidente de la Rep\u00fablica Bolivariana de Venezuela, Nicol\u00e1s Maduro, para la recuperaci\u00f3n, transformaci\u00f3n, desarrollo y bienestar de la naci\u00f3n, se construye con las propuestas compactadas en las m\u00e1s de 63 asambleas de debate que se realizaron en el pa\u00eds.<\/p>\n\n\n\n<p>As\u00ed lo afirm\u00f3 el Mandatario nacional durante una reuni\u00f3n de trabajo con el Alto Mando Pol\u00edtico Ampliado, realizada en el Estadio Monumental Sim\u00f3n Bol\u00edvar, Caracas.<\/p>\n\n\n\n<p>Desde ese espacio, asever\u00f3 que el plan del futuro rumbo al 2030 se dise\u00f1a de la mano del poder popular y no de las \u00e9lites, el imperialismo, apellidos ni transnacionales. \u201cEstamos dise\u00f1ando el futuro con el \u00fanico que se puede dise\u00f1ar el futuro, con el pueblo de a pie, con el pueblo de base, con el Poder Popular, con las mentes maravillosas de un pa\u00eds que piensa que sue\u00f1a y que ama a nuestra patria. Esa es la verdad de las 7T, las 7 transformaciones que construye el pueblo, por su felicidad, por su futuro\u201d, recalc\u00f3.<\/p>\n\n\n\n<p>Igualmente, adelant\u00f3 que estas propuestas ya est\u00e1n siendo evaluadas con especial atenci\u00f3n en las que son de acci\u00f3n inmediata, adem\u00e1s, destac\u00f3 la sabidur\u00eda del pueblo para proponer soluciones en \u00e1reas \u201cpertinentes, viables y totalmente necesarias\u201d.<\/p>\n\n\n\n<p>Detall\u00f3 que cada documento recibido como producto de los debates, existen \u201cpropuestas de corto plazo que nos obligan a actuar sin demora, hay propuestas de mediano plazo que tienen la vista puesta en 2026-2027 y ya apuntan a lo estructural y estrat\u00e9gico, y hay apuestas de largo plazo que apuntan al 2030 y a la d\u00e9cada que all\u00ed arranca\u201d.<\/p>\n\n\n\n<p>El presidente Maduro, tambi\u00e9n destac\u00f3 este lunes, los avances de Venezuela en materia econ\u00f3mica durante los dos primeros meses del a\u00f1o 2024. \u201cHa empezado el mes de marzo, este a\u00f1o va acelerado, bonito, es un a\u00f1o de mejor\u00eda y despliegue, de mejor\u00eda de la econom\u00eda, evidente, los mejores eneros y febreros vividos desde el a\u00f1o 2010, en n\u00fameros concretos\u201d, precis\u00f3.<\/p>\n\n\n\n<p><strong>Prensa Presidencial \/ Rosiris Ortega Ortiz<\/strong><\/p>\n","protected":false},"excerpt":{"rendered":"<p>Estadio Monumental Sim\u00f3n Bol\u00edvar, Caracas.- El Plan de las 7 T propuesto por el presidente de la Rep\u00fablica Bolivariana de Venezuela, Nicol\u00e1s Maduro, para la recuperaci\u00f3n, transformaci\u00f3n, desarrollo y bienestar de la naci\u00f3n, se construye con las propuestas compactadas en las m\u00e1s de 63 asambleas de debate que se realizaron en el pa\u00eds. As\u00ed lo [&hellip;]<\/p>\n","protected":false},"author":4,"featured_media":8400,"comment_status":"open","ping_status":"open","sticky":false,"template":"","format":"standard","meta":{"footnotes":""},"categories":[18,7],"tags":[],"class_list":["post-8396","post","type-post","status-publish","format-standard","has-post-thumbnail","hentry","category-noticias-principales","category-notas-de-prensa"],"_links":{"self":[{"href":"https:\/\/prensapresidencialvenezuela.gob.ve\/index.php\/wp-json\/wp\/v2\/posts\/8396","targetHints":{"allow":["GET"]}}],"collection":[{"href":"https:\/\/prensapresidencialvenezuela.gob.ve\/index.php\/wp-json\/wp\/v2\/posts"}],"about":[{"href":"https:\/\/prensapresidencialvenezuela.gob.ve\/index.php\/wp-json\/wp\/v2\/types\/post"}],"author":[{"embeddable":true,"href":"https:\/\/prensapresidencialvenezuela.gob.ve\/index.php\/wp-json\/wp\/v2\/users\/4"}],"replies":[{"embeddable":true,"href":"https:\/\/prensapresidencialvenezuela.gob.ve\/index.php\/wp-json\/wp\/v2\/comments?post=8396"}],"version-history":[{"count":1,"href":"https:\/\/prensapresidencialvenezuela.gob.ve\/index.php\/wp-json\/wp\/v2\/posts\/8396\/revisions"}],"predecessor-version":[{"id":8402,"href":"https:\/\/prensapresidencialvenezuela.gob.ve\/index.php\/wp-json\/wp\/v2\/posts\/8396\/revisions\/8402"}],"wp:featuredmedia":[{"embeddable":true,"href":"https:\/\/prensapresidencialvenezuela.gob.ve\/index.php\/wp-json\/wp\/v2\/media\/8400"}],"wp:attachment":[{"href":"https:\/\/prensapresidencialvenezuela.gob.ve\/index.php\/wp-json\/wp\/v2\/media?parent=8396"}],"wp:term":[{"taxonomy":"category","embeddable":true,"href":"https:\/\/prensapresidencialvenezuela.gob.ve\/index.php\/wp-json\/wp\/v2\/categories?post=8396"},{"taxonomy":"post_tag","embeddable":true,"href":"https:\/\/prensapresidencialvenezuela.gob.ve\/index.php\/wp-json\/wp\/v2\/tags?post=8396"}],"curies":[{"name":"wp","href":"https:\/\/api.w.org\/{rel}","templated":true}]}}