{"id":8397,"date":"2024-01-18T21:33:47","date_gmt":"2024-01-18T21:33:47","guid":{"rendered":"http:\/\/172.27.0.121\/?p=8397"},"modified":"2024-04-12T21:35:02","modified_gmt":"2024-04-12T21:35:02","slug":"presidente-maduro-milei-hizo-un-papelon-en-davos","status":"publish","type":"post","link":"https:\/\/prensapresidencialvenezuela.gob.ve\/index.php\/2024\/01\/18\/presidente-maduro-milei-hizo-un-papelon-en-davos\/","title":{"rendered":"Presidente Maduro: Milei hizo un papel\u00f3n en Davos"},"content":{"rendered":"\n<p><\/p>\n\n\n\n<p><strong>La Casona Cultural \u201cAquiles Nazoa\u201d, estado Miranda.- <\/strong>El presidente de la Rep\u00fablica, Nicol\u00e1s Maduro, calific\u00f3 como \u201cun papel\u00f3n\u201d, la intervenci\u00f3n del presidente de Argentina, Javier Milei, en el Foro Econ\u00f3mico Mundial de Davos, realizado en Suiza.<\/p>\n\n\n\n<p>\u201cEl pueblo argentino tiene que estar triste, avergonzado e indignado por el papel\u00f3n que hizo Javier Milei en la cumbre de Davos, una verg\u00fcenza expresi\u00f3n de su ideolog\u00eda nazi de su ideolog\u00eda macartista, entre el nazismo y el macartismo est\u00e1\u201d, analiz\u00f3 el Mandatario desde La Casona Cultural \u201cAquiles Nazoa\u201d.<\/p>\n\n\n\n<p>Durante el Encuentro del Congreso de la Nueva \u00c9poca, en el marco del debate de las 7 Transformaciones (7T), el Dignatario, asever\u00f3 que el Mandatario argentino, acus\u00f3 \u201ca toda Occidente de comunista, de socialista, todo el que no piense como \u00e9l es comunista y debe ser exterminado de la faz de la tierra, ese es el pensamiento nazi\u201d.<\/p>\n\n\n\n<p>En contexto, Javier Milei, particip\u00f3 -por primera vez este mi\u00e9rcoles- en el Foro de Davos, generando cr\u00edticas en medios y redes sociales, al asegurar que \u201cOccidente est\u00e1 en peligro\u201d, al tiempo que expres\u00f3 que el feminismo \u201centorpece el crecimiento econ\u00f3mico en los pa\u00edses\u201d.<\/p>\n\n\n\n<p>De igual manera, puso en duda el cambio clim\u00e1tico en el mundo, as\u00ed como sus efectos en los pueblos.<\/p>\n\n\n\n<p>\u201cSostienen que los seres humanos da\u00f1amos el planeta y que debe ser protegido a toda costa, incluso llegando a abogar por mecanismos de control poblacional o la tragedia del aborto\u201d, dijo Milei.<\/p>\n\n\n\n<p>Igualmente, defendi\u00f3 el capitalismo como \u201c\u00fanica soluci\u00f3n para resolver el hambre, la pobreza y la indigencia a lo largo y a lo ancho del planeta\u201d.<\/p>\n\n\n\n<p>En tanto el Jefe de Estado venezolano, expres\u00f3 su solidaridad con el pueblo argentino.<\/p>\n\n\n\n<p>\u201cArgentina, Argentina, Argentina, desde tu profundidad hermosa. Ustedes tengan la seguridad y tenga todo el apoyo el pueblo argentino, del pueblo de Sim\u00f3n Bol\u00edvar, del pueblo de Hugo Rafael Ch\u00e1vez Fr\u00edas\u201d, concluy\u00f3 el Mandatario.<\/p>\n\n\n\n<p><strong>Prensa Presidencial\/Joelin Jim\u00e9nez<\/strong><\/p>\n","protected":false},"excerpt":{"rendered":"<p>La Casona Cultural \u201cAquiles Nazoa\u201d, estado Miranda.- El presidente de la Rep\u00fablica, Nicol\u00e1s Maduro, calific\u00f3 como \u201cun papel\u00f3n\u201d, la intervenci\u00f3n del presidente de Argentina, Javier Milei, en el Foro Econ\u00f3mico Mundial de Davos, realizado en Suiza. \u201cEl pueblo argentino tiene que estar triste, avergonzado e indignado por el papel\u00f3n que hizo Javier Milei en la [&hellip;]<\/p>\n","protected":false},"author":1,"featured_media":8398,"comment_status":"open","ping_status":"open","sticky":false,"template":"","format":"standard","meta":{"footnotes":""},"categories":[7],"tags":[],"class_list":["post-8397","post","type-post","status-publish","format-standard","has-post-thumbnail","hentry","category-notas-de-prensa"],"_links":{"self":[{"href":"https:\/\/prensapresidencialvenezuela.gob.ve\/index.php\/wp-json\/wp\/v2\/posts\/8397","targetHints":{"allow":["GET"]}}],"collection":[{"href":"https:\/\/prensapresidencialvenezuela.gob.ve\/index.php\/wp-json\/wp\/v2\/posts"}],"about":[{"href":"https:\/\/prensapresidencialvenezuela.gob.ve\/index.php\/wp-json\/wp\/v2\/types\/post"}],"author":[{"embeddable":true,"href":"https:\/\/prensapresidencialvenezuela.gob.ve\/index.php\/wp-json\/wp\/v2\/users\/1"}],"replies":[{"embeddable":true,"href":"https:\/\/prensapresidencialvenezuela.gob.ve\/index.php\/wp-json\/wp\/v2\/comments?post=8397"}],"version-history":[{"count":1,"href":"https:\/\/prensapresidencialvenezuela.gob.ve\/index.php\/wp-json\/wp\/v2\/posts\/8397\/revisions"}],"predecessor-version":[{"id":8399,"href":"https:\/\/prensapresidencialvenezuela.gob.ve\/index.php\/wp-json\/wp\/v2\/posts\/8397\/revisions\/8399"}],"wp:featuredmedia":[{"embeddable":true,"href":"https:\/\/prensapresidencialvenezuela.gob.ve\/index.php\/wp-json\/wp\/v2\/media\/8398"}],"wp:attachment":[{"href":"https:\/\/prensapresidencialvenezuela.gob.ve\/index.php\/wp-json\/wp\/v2\/media?parent=8397"}],"wp:term":[{"taxonomy":"category","embeddable":true,"href":"https:\/\/prensapresidencialvenezuela.gob.ve\/index.php\/wp-json\/wp\/v2\/categories?post=8397"},{"taxonomy":"post_tag","embeddable":true,"href":"https:\/\/prensapresidencialvenezuela.gob.ve\/index.php\/wp-json\/wp\/v2\/tags?post=8397"}],"curies":[{"name":"wp","href":"https:\/\/api.w.org\/{rel}","templated":true}]}}