{"id":8412,"date":"2024-03-04T21:39:00","date_gmt":"2024-03-04T21:39:00","guid":{"rendered":"http:\/\/172.27.0.121\/?p=8412"},"modified":"2024-04-12T21:55:39","modified_gmt":"2024-04-12T21:55:39","slug":"presidente-maduro-guyana-tendra-que-sentarse-con-venezuela-a-negociar-la-solucion-del-esequibo","status":"publish","type":"post","link":"https:\/\/prensapresidencialvenezuela.gob.ve\/index.php\/2024\/03\/04\/presidente-maduro-guyana-tendra-que-sentarse-con-venezuela-a-negociar-la-solucion-del-esequibo\/","title":{"rendered":"Presidente Maduro: Guyana tendr\u00e1 que sentarse con Venezuela a negociar la soluci\u00f3n del Esequibo"},"content":{"rendered":"\n<p><strong>Los Teques, estado Miranda.-<\/strong> El presidente de la Rep\u00fablica Bolivariana de Venezuela, Nicol\u00e1s Maduro, recalc\u00f3 este lunes que la Rep\u00fablica Popular de Guayana, deber\u00e1 dirimir la controversia del Esequibo, con Venezuela, sin injerencias de organismos externos como la Corte Penal Internacional (CPI).<\/p>\n\n\n\n<p>Durante la transmisi\u00f3n del programa N\u00ba 36 de Con Maduro+ el jefe de Estado, coment\u00f3 sobre el fallo emitido el pasado viernes 1 de marzo, por la Sala de Cuestiones Preliminares de la CPI, en el que se autoriz\u00f3 la continuidad de la investigaci\u00f3n por cr\u00edmenes de lesa humanidad en Venezuela.<\/p>\n\n\n\n<p>Al respecto, el jefe de Estado dijo, \u201cEl pueblo fij\u00f3 la posici\u00f3n hist\u00f3rica que Venezuela no reconoce a la Corte Internacional de Justicia para este tema, y esa es la posici\u00f3n que nosotros vamos a mantener durante este a\u00f1o, durante todos los a\u00f1os y Guyana podr\u00e1 ir, recibir la sentencia que quiera, pero a la corta, a la larga, Venezuela estar\u00e1 aqu\u00ed parada, y Guyana tendr\u00e1 que sentarse frente a nosotros a negociar la soluci\u00f3n del Esequibo, del mar por delimitar y resolver todo\u201d.<\/p>\n\n\n\n<p>Recalc\u00f3 la decisi\u00f3n del pueblo venezolano emitida el 3 de diciembre de 2023, con el refer\u00e9ndum sobre el Esequibo. \u201cVenezuela est\u00e1 clara, est\u00e1 aqu\u00ed, tenemos una posici\u00f3n hist\u00f3rica, tenemos los documentos, tenemos toda la raz\u00f3n de nuestra parte y sencillamente la consigna del pueblo es, el Esequibo es nuestro, la llevaremos a todas las instancias internacionales en su momento\u201d.&nbsp;&nbsp;<\/p>\n\n\n\n<p>Enfatiz\u00f3 que Venezuela no acepta el colonialismo judicial y menos en un momento en el que la humanidad cuestiona a este organismo internacional tras su silencio ante el genocidio que se comete contra el pueblo de Palestina. \u201cEst\u00e1n contra la pared, agotados. Estamos siendo testigos de un genocidio transmitido en vivo por las redes sociales, un exterminio del pueblo palestino y \u00bfqu\u00e9 dicen ellos?, nada\u201d.<\/p>\n\n\n\n<p>Reiter\u00f3 que ante las amenazas del Gobierno de Estados Unidos (EE.UU.) y las declaraciones de \u201clos apellidos\u201d, que exigen a Venezuela aceptar el fallo de la CPI, Venezuela cuenta con una posici\u00f3n legal y constitucional a trav\u00e9s del refer\u00e9ndum. \u201cGuyana tendr\u00e1 que sentarse cara a cara con nosotros a resolver y a dirimir por la v\u00eda satisfactoria y diplom\u00e1tica este asunto\u201d, concluy\u00f3.<\/p>\n\n\n\n<p>Tras emitir un comunicado oficial, en el que rechaza la decisi\u00f3n de la CPI, el Gobierno Bolivariano, denunci\u00f3 que esta acci\u00f3n responde a la intenci\u00f3n de instrumentalizar los mecanismos de justicia penal internacionales con fines pol\u00edticos, basados en supuestos cr\u00edmenes de lesa humanidad que nunca han ocurrido en Venezuela. <\/p>\n\n\n\n<p><strong>Prensa Presidencial \/ Rosiris Ortega Ortiz<\/strong><\/p>\n","protected":false},"excerpt":{"rendered":"<p>Los Teques, estado Miranda.- El presidente de la Rep\u00fablica Bolivariana de Venezuela, Nicol\u00e1s Maduro, recalc\u00f3 este lunes que la Rep\u00fablica Popular de Guayana, deber\u00e1 dirimir la controversia del Esequibo, con Venezuela, sin injerencias de organismos externos como la Corte Penal Internacional (CPI). Durante la transmisi\u00f3n del programa N\u00ba 36 de Con Maduro+ el jefe de [&hellip;]<\/p>\n","protected":false},"author":4,"featured_media":8427,"comment_status":"open","ping_status":"open","sticky":false,"template":"","format":"standard","meta":{"footnotes":""},"categories":[18,7],"tags":[],"class_list":["post-8412","post","type-post","status-publish","format-standard","has-post-thumbnail","hentry","category-noticias-principales","category-notas-de-prensa"],"_links":{"self":[{"href":"https:\/\/prensapresidencialvenezuela.gob.ve\/index.php\/wp-json\/wp\/v2\/posts\/8412","targetHints":{"allow":["GET"]}}],"collection":[{"href":"https:\/\/prensapresidencialvenezuela.gob.ve\/index.php\/wp-json\/wp\/v2\/posts"}],"about":[{"href":"https:\/\/prensapresidencialvenezuela.gob.ve\/index.php\/wp-json\/wp\/v2\/types\/post"}],"author":[{"embeddable":true,"href":"https:\/\/prensapresidencialvenezuela.gob.ve\/index.php\/wp-json\/wp\/v2\/users\/4"}],"replies":[{"embeddable":true,"href":"https:\/\/prensapresidencialvenezuela.gob.ve\/index.php\/wp-json\/wp\/v2\/comments?post=8412"}],"version-history":[{"count":1,"href":"https:\/\/prensapresidencialvenezuela.gob.ve\/index.php\/wp-json\/wp\/v2\/posts\/8412\/revisions"}],"predecessor-version":[{"id":8433,"href":"https:\/\/prensapresidencialvenezuela.gob.ve\/index.php\/wp-json\/wp\/v2\/posts\/8412\/revisions\/8433"}],"wp:featuredmedia":[{"embeddable":true,"href":"https:\/\/prensapresidencialvenezuela.gob.ve\/index.php\/wp-json\/wp\/v2\/media\/8427"}],"wp:attachment":[{"href":"https:\/\/prensapresidencialvenezuela.gob.ve\/index.php\/wp-json\/wp\/v2\/media?parent=8412"}],"wp:term":[{"taxonomy":"category","embeddable":true,"href":"https:\/\/prensapresidencialvenezuela.gob.ve\/index.php\/wp-json\/wp\/v2\/categories?post=8412"},{"taxonomy":"post_tag","embeddable":true,"href":"https:\/\/prensapresidencialvenezuela.gob.ve\/index.php\/wp-json\/wp\/v2\/tags?post=8412"}],"curies":[{"name":"wp","href":"https:\/\/api.w.org\/{rel}","templated":true}]}}