{"id":8420,"date":"2024-01-19T21:44:49","date_gmt":"2024-01-19T21:44:49","guid":{"rendered":"http:\/\/172.27.0.121\/?p=8420"},"modified":"2024-04-12T21:52:41","modified_gmt":"2024-04-12T21:52:41","slug":"reflexion-accion-y-organizacion-ejes-del-despliegue-de-la-clase-obrera","status":"publish","type":"post","link":"https:\/\/prensapresidencialvenezuela.gob.ve\/index.php\/2024\/01\/19\/reflexion-accion-y-organizacion-ejes-del-despliegue-de-la-clase-obrera\/","title":{"rendered":"Reflexi\u00f3n, acci\u00f3n y organizaci\u00f3n, ejes del despliegue de la clase obrera"},"content":{"rendered":"\n<p><\/p>\n\n\n\n<p><strong>Palacio de Miraflores, Caracas.- <\/strong>A prop\u00f3sito del debate nacional de las Siete Transformaciones (7T), que apunta a acelerar el proceso de innovaci\u00f3n que requiere Venezuela rumbo al 2030, el presidente de la Rep\u00fablica, Nicol\u00e1s Maduro, instruy\u00f3 a la clase trabajadora establecer una din\u00e1mica sobre la base de tres pilares: reflexi\u00f3n, acci\u00f3n y organizaci\u00f3n.<\/p>\n\n\n\n<p>Durante un contacto telef\u00f3nico con voceros del Encuentro de la Clase Obrera, que se realiza en el estado Bol\u00edvar, puntualiz\u00f3 que el di\u00e1logo de car\u00e1cter amplio y autocr\u00edtico debe desembocar en una \u201creingenier\u00eda organizativa\u201d que permita perfeccionar la capacidad de trabajo y despliegue territorial.<\/p>\n\n\n\n<p>El Jefe de Estado plante\u00f3 definir un cronograma de movilizaci\u00f3n, as\u00ed como de reuniones \u201crumbo a las Siete Transformaciones que Venezuela necesita, viendo al presente con el empuje del futuro porque nosotros s\u00ed vamos a lograr -con esfuerzo propio- la gran meta de la Venezuela potencia, de la Venezuela socialista\u201d.<\/p>\n\n\n\n<p>Al respecto, adoptando como propia la estrategia presentada por el presidente del Sindicato de la Clase Trabajadora del Metro de Caracas (Sitrameca), Edison Alvarado, de construir las 7T desde las empresas p\u00fablicas y privadas, recalc\u00f3 la necesidad de \u201cunir a todo el que pueda ser unido\u201d a trav\u00e9s de convocatorias abiertas a la clase obrera de diferentes sectores productivos, sin distinci\u00f3n.<\/p>\n\n\n\n<p>\u201cVamos a tocar puertas, vamos a tocar corazones y convocar a todos los trabajadores. \u00bfSaben c\u00f3mo los vamos a convocar? Con la verdad. Tenemos la verdad de nuestro lado y estamos construyendo una Patria desde la clase obrera para la felicidad social del pa\u00eds\u201d, afirm\u00f3.<\/p>\n\n\n\n<p>Previamente, el presidente de Sitrameca, Edison Alvarado, subray\u00f3 que el debate de las 7T no solo debe reducirse a la Central Bolivariana Socialista de los Trabajadores (CBST), sino considerar \u201ca los trabajadores que no est\u00e1n en la Central, a los que piensen distinto porque esto no va ayudar solo a los socialistas, sino tambi\u00e9n a ellos\u201d.<\/p>\n\n\n\n<p>\u201cA esos trabajadores que est\u00e1n siendo utilizados, nuestro deber es convencerlos de que el \u00fanico camino que tenemos los&nbsp; trabajadores es el Proyecto Bolivariano, enmarcado en el Plan de la Patria\u201d, puntualiz\u00f3 al se\u00f1alar que el objetivo est\u00e1 direccionado en la concreci\u00f3n de propuestas por cada una de las \u00e1reas contempladas en las 7T desde la visi\u00f3n de la clase obrera.<\/p>\n\n\n\n<p><strong>Prensa Presidencial \/ Karelis Gonz\u00e1lez<\/strong><\/p>\n","protected":false},"excerpt":{"rendered":"<p>Palacio de Miraflores, Caracas.- A prop\u00f3sito del debate nacional de las Siete Transformaciones (7T), que apunta a acelerar el proceso de innovaci\u00f3n que requiere Venezuela rumbo al 2030, el presidente de la Rep\u00fablica, Nicol\u00e1s Maduro, instruy\u00f3 a la clase trabajadora establecer una din\u00e1mica sobre la base de tres pilares: reflexi\u00f3n, acci\u00f3n y organizaci\u00f3n. Durante un [&hellip;]<\/p>\n","protected":false},"author":1,"featured_media":8359,"comment_status":"open","ping_status":"open","sticky":false,"template":"","format":"standard","meta":{"footnotes":""},"categories":[7],"tags":[],"class_list":["post-8420","post","type-post","status-publish","format-standard","has-post-thumbnail","hentry","category-notas-de-prensa"],"_links":{"self":[{"href":"https:\/\/prensapresidencialvenezuela.gob.ve\/index.php\/wp-json\/wp\/v2\/posts\/8420","targetHints":{"allow":["GET"]}}],"collection":[{"href":"https:\/\/prensapresidencialvenezuela.gob.ve\/index.php\/wp-json\/wp\/v2\/posts"}],"about":[{"href":"https:\/\/prensapresidencialvenezuela.gob.ve\/index.php\/wp-json\/wp\/v2\/types\/post"}],"author":[{"embeddable":true,"href":"https:\/\/prensapresidencialvenezuela.gob.ve\/index.php\/wp-json\/wp\/v2\/users\/1"}],"replies":[{"embeddable":true,"href":"https:\/\/prensapresidencialvenezuela.gob.ve\/index.php\/wp-json\/wp\/v2\/comments?post=8420"}],"version-history":[{"count":1,"href":"https:\/\/prensapresidencialvenezuela.gob.ve\/index.php\/wp-json\/wp\/v2\/posts\/8420\/revisions"}],"predecessor-version":[{"id":8430,"href":"https:\/\/prensapresidencialvenezuela.gob.ve\/index.php\/wp-json\/wp\/v2\/posts\/8420\/revisions\/8430"}],"wp:featuredmedia":[{"embeddable":true,"href":"https:\/\/prensapresidencialvenezuela.gob.ve\/index.php\/wp-json\/wp\/v2\/media\/8359"}],"wp:attachment":[{"href":"https:\/\/prensapresidencialvenezuela.gob.ve\/index.php\/wp-json\/wp\/v2\/media?parent=8420"}],"wp:term":[{"taxonomy":"category","embeddable":true,"href":"https:\/\/prensapresidencialvenezuela.gob.ve\/index.php\/wp-json\/wp\/v2\/categories?post=8420"},{"taxonomy":"post_tag","embeddable":true,"href":"https:\/\/prensapresidencialvenezuela.gob.ve\/index.php\/wp-json\/wp\/v2\/tags?post=8420"}],"curies":[{"name":"wp","href":"https:\/\/api.w.org\/{rel}","templated":true}]}}