{"id":8426,"date":"2023-11-15T18:48:00","date_gmt":"2023-11-15T18:48:00","guid":{"rendered":"http:\/\/172.27.0.121\/?p=8426"},"modified":"2024-04-12T21:52:34","modified_gmt":"2024-04-12T21:52:34","slug":"encuentro-interreligioso-y-ecumenicoen-defensa-del-esequibo-ratifica-a-venezuela-como-pais-de-paz","status":"publish","type":"post","link":"https:\/\/prensapresidencialvenezuela.gob.ve\/index.php\/2023\/11\/15\/encuentro-interreligioso-y-ecumenicoen-defensa-del-esequibo-ratifica-a-venezuela-como-pais-de-paz\/","title":{"rendered":"Encuentro interreligioso y ecum\u00e9nicoen defensa del Esequibo ratifica a Venezuela como pa\u00eds de paz"},"content":{"rendered":"\n<p><strong>Teatro Teresa Carre\u00f1o, Caracas. \u2013 <\/strong>En el Encuentro de Venezolanos de Bien, Venezolanos de Fe Por la Paz y El Esequibo, el diputado a la Asamblea Nacional (AN), Nicol\u00e1s Ernesto Maduro Guerra, enfatiz\u00f3 que esta cita interreligiosa y multicultural demuestra que Venezuela es un pa\u00eds de paz.<\/p>\n\n\n\n<p>Desde los espacios del Teatro Teresa Carre\u00f1o, en la ciudad de Caracas, Maduro Guerra sostuvo que solo el reunir a representantes de todas las corrientes religiosas del pa\u00eds es un reflejo de una Venezuela espiritual, que clama y se re\u00fane alrededor de la espiritualidad para bendecirla.<\/p>\n\n\n\n<p>\u201cHoy se acude a este llamado (de usted Presidente Maduro) para hablar del tema que nos une a toda Venezuela\u201d, una naci\u00f3n que es \u201cde tolerancia y entregada a la vocaci\u00f3n espiritual, entregada a nuestros ancestros m\u00e1s profundos\u201d, expres\u00f3 el legislador venezolano.<\/p>\n\n\n\n<p><strong>Corrientes religiosas se suman al llamado a la unidad<\/strong><\/p>\n\n\n\n<p>En esa l\u00ednea, el asamble\u00edsta recalc\u00f3 que las diversas corrientes religiosas que conviven en Venezuela se suman al llamado a la unidad, la paz, a los grandes consensos y a lo que ha unido a Venezuela en este \u00faltimo trimestre: El tema del Esequibo.<\/p>\n\n\n\n<p>Con ello \u2013 dijo \u2013 se ratifica la posici\u00f3n venezolana y se destaca que todas las acciones que vienen son enmarcadas en la paz y de los valores de la profunda espiritualidad, del amor, del trabajo, la familia, el respeto al pr\u00f3jimo y m\u00e1xima tolerancia.<\/p>\n\n\n\n<p>\u201cAqu\u00ed se encuentra la profunda espiritualidad, en un acto in\u00e9dito, un acto hist\u00f3rico que demuestra que Venezuela es un pa\u00eds de paz, Am\u00e9rica Latina es una Regi\u00f3n de paz, y que somos los principales promotores y propulsores de la paz\u201d; puntualiz\u00f3, al recordar que \u201cel ej\u00e9rcito de Venezuela solamente una vez sali\u00f3 de sus fronteras y fue para liberar a Am\u00e9rica del Sur y a Am\u00e9rica Latina, del resto nosotros. seremos, \u00a1paz, paz, paz!\u201d.<\/p>\n\n\n\n<p><strong>Prensa Presidencial \/ Ana\u00eds P\u00e9rez<\/strong><\/p>\n","protected":false},"excerpt":{"rendered":"<p>Teatro Teresa Carre\u00f1o, Caracas. \u2013 En el Encuentro de Venezolanos de Bien, Venezolanos de Fe Por la Paz y El Esequibo, el diputado a la Asamblea Nacional (AN), Nicol\u00e1s Ernesto Maduro Guerra, enfatiz\u00f3 que esta cita interreligiosa y multicultural demuestra que Venezuela es un pa\u00eds de paz. Desde los espacios del Teatro Teresa Carre\u00f1o, en [&hellip;]<\/p>\n","protected":false},"author":6,"featured_media":8428,"comment_status":"open","ping_status":"open","sticky":false,"template":"","format":"standard","meta":{"footnotes":""},"categories":[18,7],"tags":[30,38,19,27,20],"class_list":["post-8426","post","type-post","status-publish","format-standard","has-post-thumbnail","hentry","category-noticias-principales","category-notas-de-prensa","tag-destacado","tag-diplomacia-bolivariana-de-paz","tag-nicolas-maduro","tag-revolucion-bolivariana","tag-venezuela"],"_links":{"self":[{"href":"https:\/\/prensapresidencialvenezuela.gob.ve\/index.php\/wp-json\/wp\/v2\/posts\/8426","targetHints":{"allow":["GET"]}}],"collection":[{"href":"https:\/\/prensapresidencialvenezuela.gob.ve\/index.php\/wp-json\/wp\/v2\/posts"}],"about":[{"href":"https:\/\/prensapresidencialvenezuela.gob.ve\/index.php\/wp-json\/wp\/v2\/types\/post"}],"author":[{"embeddable":true,"href":"https:\/\/prensapresidencialvenezuela.gob.ve\/index.php\/wp-json\/wp\/v2\/users\/6"}],"replies":[{"embeddable":true,"href":"https:\/\/prensapresidencialvenezuela.gob.ve\/index.php\/wp-json\/wp\/v2\/comments?post=8426"}],"version-history":[{"count":1,"href":"https:\/\/prensapresidencialvenezuela.gob.ve\/index.php\/wp-json\/wp\/v2\/posts\/8426\/revisions"}],"predecessor-version":[{"id":8429,"href":"https:\/\/prensapresidencialvenezuela.gob.ve\/index.php\/wp-json\/wp\/v2\/posts\/8426\/revisions\/8429"}],"wp:featuredmedia":[{"embeddable":true,"href":"https:\/\/prensapresidencialvenezuela.gob.ve\/index.php\/wp-json\/wp\/v2\/media\/8428"}],"wp:attachment":[{"href":"https:\/\/prensapresidencialvenezuela.gob.ve\/index.php\/wp-json\/wp\/v2\/media?parent=8426"}],"wp:term":[{"taxonomy":"category","embeddable":true,"href":"https:\/\/prensapresidencialvenezuela.gob.ve\/index.php\/wp-json\/wp\/v2\/categories?post=8426"},{"taxonomy":"post_tag","embeddable":true,"href":"https:\/\/prensapresidencialvenezuela.gob.ve\/index.php\/wp-json\/wp\/v2\/tags?post=8426"}],"curies":[{"name":"wp","href":"https:\/\/api.w.org\/{rel}","templated":true}]}}