{"id":8447,"date":"2024-03-04T22:01:00","date_gmt":"2024-03-04T22:01:00","guid":{"rendered":"http:\/\/172.27.0.121\/?p=8447"},"modified":"2024-04-12T22:02:53","modified_gmt":"2024-04-12T22:02:53","slug":"presidente-maduro-denuncia-campana-contra-migrantes-venezolanos-para-empanar-elecciones-en-venezuela","status":"publish","type":"post","link":"https:\/\/prensapresidencialvenezuela.gob.ve\/index.php\/2024\/03\/04\/presidente-maduro-denuncia-campana-contra-migrantes-venezolanos-para-empanar-elecciones-en-venezuela\/","title":{"rendered":"Presidente Maduro denuncia campa\u00f1a contra migrantes venezolanos para empa\u00f1ar elecciones en Venezuela"},"content":{"rendered":"\n<p><strong>Los Teques, estado Miranda.-<\/strong> Una campa\u00f1a negativa dirigida por medios de comunicaci\u00f3n social al servicio del Gobierno estadounidense y de agencias internacionales con tendencia nazi, busca afectar a los migrantes venezolanos en el exterior, y empa\u00f1ar las venideras elecciones presidenciales en Venezuela, as\u00ed lo denunci\u00f3 este lunes, el presidente de la Rep\u00fablica, Nicol\u00e1s Maduro.<\/p>\n\n\n\n<p>El jefe de Estado, alert\u00f3 durante el programa Con Maduro + en su edici\u00f3n N.\u00ba 36, que esta campa\u00f1a pretende \u201cmanchar la noble migraci\u00f3n venezolana\u201d que se fue del pa\u00eds ante la imposici\u00f3n de las m\u00e1s de 930 medidas coercitivas unilaterales por parte del Gobierno de Estados Unidos (EE.UU.)<\/p>\n\n\n\n<p>Explic\u00f3 que esta campa\u00f1a est\u00e1 dirigida por CNN en espa\u00f1ol, la Agencia Associated Press (AP), y la agencia alemana Deutsche Welle (DW). \u201cTienen una campa\u00f1a diciendo que todos los cr\u00edmenes del mundo hoy, los comenten venezolanos. Una campa\u00f1a para manchar a Venezuela. Alerta con esa campa\u00f1a forma parte de la campa\u00f1a porque es a\u00f1o electoral, a\u00f1o presidencial es para manchar a Venezuela y al final, tratar de mancharme\u201d, recalc\u00f3.<\/p>\n\n\n\n<p>Detall\u00f3 que producto de esa campa\u00f1a, los j\u00f3venes venezolanos radicado en pa\u00edses como Chile, Ecuador, Per\u00fa y Colombia, est\u00e1n regresando al territorio nacional. \u201cBienvenidos, v\u00e9nganse a Venezuela. Esta es su tierra, esta es su patria\u201d.<\/p>\n\n\n\n<p><strong>Combate contra el narcotr\u00e1fico<\/strong><\/p>\n\n\n\n<p>Igualmente, record\u00f3 que Venezuela tambi\u00e9n ha sido atacada en el mundo con una narrativa de narcoestado, pese a que la Organizaci\u00f3n de Naciones Unidas (ONU) ha reconocido a la naci\u00f3n caribe\u00f1a como uno de los pa\u00edses con m\u00e1s decomisos de droga a nivel global.<\/p>\n\n\n\n<p>Al respecto, destac\u00f3 la actuaci\u00f3n de la Fuerza Armada Nacional Bolivariana (FANB), que actu\u00f3 a trav\u00e9s del Comando Nacional Antidrogas en una operaci\u00f3n internacional conjunta con Francia, en la que incautaron m\u00e1s de tres toneladas de coca\u00edna en el Mar Caribe. \u201cTenemos que sentirnos orgullosos de la Fuerza Armada Nacional Bolivariana, de las fuerzas de inteligencia y contra inteligencia, de las fuerzas policiales y vamos a seguir avanzando\u201d, manifest\u00f3.<\/p>\n\n\n\n<p>Sobre este accionar, el Presidente llam\u00f3 a los gobiernos del mundo, y especialmente a los de Europa, a conocer el \u201cmodelo exitoso de combate\u201d que tiene Venezuela contra el tr\u00e1fico de drogas.<\/p>\n\n\n\n<p>\u201cVengan a conocer el modelo para que ustedes vean, rompemos r\u00e9cord de incautaci\u00f3n, r\u00e9cord, s\u00ed nuestra Aviaci\u00f3n Militar ha roto r\u00e9cord de intersecci\u00f3n y neutralizaci\u00f3n de naves del narcotr\u00e1fico centroamericano y que vienen de Colombia tenemos una pol\u00edtica a prueba de fuego, exitosa verdaderamente, porque el comandante Ch\u00e1vez tom\u00f3 las decisiones que hab\u00eda que tomar\u201d, resalt\u00f3.<\/p>\n\n\n\n<p><strong>Prensa Presidencial \/ Rosiris Ortega Ortiz<\/strong><\/p>\n","protected":false},"excerpt":{"rendered":"<p>Los Teques, estado Miranda.- Una campa\u00f1a negativa dirigida por medios de comunicaci\u00f3n social al servicio del Gobierno estadounidense y de agencias internacionales con tendencia nazi, busca afectar a los migrantes venezolanos en el exterior, y empa\u00f1ar las venideras elecciones presidenciales en Venezuela, as\u00ed lo denunci\u00f3 este lunes, el presidente de la Rep\u00fablica, Nicol\u00e1s Maduro. El [&hellip;]<\/p>\n","protected":false},"author":4,"featured_media":8450,"comment_status":"open","ping_status":"open","sticky":false,"template":"","format":"standard","meta":{"footnotes":""},"categories":[18,7],"tags":[],"class_list":["post-8447","post","type-post","status-publish","format-standard","has-post-thumbnail","hentry","category-noticias-principales","category-notas-de-prensa"],"_links":{"self":[{"href":"https:\/\/prensapresidencialvenezuela.gob.ve\/index.php\/wp-json\/wp\/v2\/posts\/8447","targetHints":{"allow":["GET"]}}],"collection":[{"href":"https:\/\/prensapresidencialvenezuela.gob.ve\/index.php\/wp-json\/wp\/v2\/posts"}],"about":[{"href":"https:\/\/prensapresidencialvenezuela.gob.ve\/index.php\/wp-json\/wp\/v2\/types\/post"}],"author":[{"embeddable":true,"href":"https:\/\/prensapresidencialvenezuela.gob.ve\/index.php\/wp-json\/wp\/v2\/users\/4"}],"replies":[{"embeddable":true,"href":"https:\/\/prensapresidencialvenezuela.gob.ve\/index.php\/wp-json\/wp\/v2\/comments?post=8447"}],"version-history":[{"count":1,"href":"https:\/\/prensapresidencialvenezuela.gob.ve\/index.php\/wp-json\/wp\/v2\/posts\/8447\/revisions"}],"predecessor-version":[{"id":8451,"href":"https:\/\/prensapresidencialvenezuela.gob.ve\/index.php\/wp-json\/wp\/v2\/posts\/8447\/revisions\/8451"}],"wp:featuredmedia":[{"embeddable":true,"href":"https:\/\/prensapresidencialvenezuela.gob.ve\/index.php\/wp-json\/wp\/v2\/media\/8450"}],"wp:attachment":[{"href":"https:\/\/prensapresidencialvenezuela.gob.ve\/index.php\/wp-json\/wp\/v2\/media?parent=8447"}],"wp:term":[{"taxonomy":"category","embeddable":true,"href":"https:\/\/prensapresidencialvenezuela.gob.ve\/index.php\/wp-json\/wp\/v2\/categories?post=8447"},{"taxonomy":"post_tag","embeddable":true,"href":"https:\/\/prensapresidencialvenezuela.gob.ve\/index.php\/wp-json\/wp\/v2\/tags?post=8447"}],"curies":[{"name":"wp","href":"https:\/\/api.w.org\/{rel}","templated":true}]}}