{"id":8468,"date":"2024-01-22T22:09:52","date_gmt":"2024-01-22T22:09:52","guid":{"rendered":"http:\/\/172.27.0.121\/?p=8468"},"modified":"2024-04-12T22:10:59","modified_gmt":"2024-04-12T22:10:59","slug":"sectores-de-la-oposicion-buscan-crear-escenarios-de-violencia-en-el-pais","status":"publish","type":"post","link":"https:\/\/prensapresidencialvenezuela.gob.ve\/index.php\/2024\/01\/22\/sectores-de-la-oposicion-buscan-crear-escenarios-de-violencia-en-el-pais\/","title":{"rendered":"Sectores de la oposici\u00f3n buscan crear escenarios de violencia en el pa\u00eds"},"content":{"rendered":"\n<p><\/p>\n\n\n\n<p><strong>La Guaira, estado La Guaira.- <\/strong>\u201cBuscan confundir a sectores del pueblo para decir el culpable es Maduro, y entonces inventan alguna candidatura para despu\u00e9s tratar de decir, salgamos de este hombre, salgamos de esto, para esconder qui\u00e9n le hace da\u00f1o al pueblo\u201d.<\/p>\n\n\n\n<p>Las palabras corresponden al presidente de la Rep\u00fablica, al asegurar que distintos sectores de la oposici\u00f3n, buscan crear escenarios de incertidumbre y violencia en el pueblo venezolano.<\/p>\n\n\n\n<p>\u201cApuestan al escenario del golpe de Estado para saltar al poder y genera violencia, apuestan el escenario del magnicidio (\u2026) apuestan al escenario de la guerra econ\u00f3mica, de la guerra psicol\u00f3gica, buscan crear caos en las redes, para influir y molestar y desesperar a la gente\u201d, puntualiz\u00f3 el Mandatario durante el programa <em>\u201cCon Maduro+\u201d.<\/em><\/p>\n\n\n\n<p>Al respecto, exalt\u00f3 el car\u00e1cter revolucionario del pueblo y est\u00e1 despierto con una gran conciencia.<\/p>\n\n\n\n<p>En este orden de ideas, recalc\u00f3 que el pueblo sabe \u201cqui\u00e9nes son los culpables de las sanciones y qui\u00e9nes son los criminales que han atacado la estabilidad del pa\u00eds y la econom\u00eda\u201d.<\/p>\n\n\n\n<p>\u201cNosotros por nuestra aparte estamos comprometido como patriotas para echar adelante a este pueblo. Amamos a este pueblo y lo vamos a seguir echando adelante\u201d, acot\u00f3.<\/p>\n\n\n\n<p>Asimismo, sentenci\u00f3 que el a\u00f1o 2024 est\u00e1 marcado por un proceso electoral que garantizar\u00e1 la paz al pueblo venezolano.<\/p>\n\n\n\n<p>\u201cEl 2024 est\u00e1 marcado por la Constituci\u00f3n como escenario para la elecci\u00f3n presidencial, este a\u00f1o vamos a elecciones presidenciales, llueva, truene o relampaguee, vamos a elecciones presidenciales como siempre, cumpliendo\u201d, apunt\u00f3.<\/p>\n\n\n\n<p><strong>Prensa Presidencial\/Joelin Jim\u00e9nez<\/strong><\/p>\n","protected":false},"excerpt":{"rendered":"<p>La Guaira, estado La Guaira.- \u201cBuscan confundir a sectores del pueblo para decir el culpable es Maduro, y entonces inventan alguna candidatura para despu\u00e9s tratar de decir, salgamos de este hombre, salgamos de esto, para esconder qui\u00e9n le hace da\u00f1o al pueblo\u201d. Las palabras corresponden al presidente de la Rep\u00fablica, al asegurar que distintos sectores [&hellip;]<\/p>\n","protected":false},"author":1,"featured_media":8472,"comment_status":"open","ping_status":"open","sticky":false,"template":"","format":"standard","meta":{"footnotes":""},"categories":[7],"tags":[],"class_list":["post-8468","post","type-post","status-publish","format-standard","has-post-thumbnail","hentry","category-notas-de-prensa"],"_links":{"self":[{"href":"https:\/\/prensapresidencialvenezuela.gob.ve\/index.php\/wp-json\/wp\/v2\/posts\/8468","targetHints":{"allow":["GET"]}}],"collection":[{"href":"https:\/\/prensapresidencialvenezuela.gob.ve\/index.php\/wp-json\/wp\/v2\/posts"}],"about":[{"href":"https:\/\/prensapresidencialvenezuela.gob.ve\/index.php\/wp-json\/wp\/v2\/types\/post"}],"author":[{"embeddable":true,"href":"https:\/\/prensapresidencialvenezuela.gob.ve\/index.php\/wp-json\/wp\/v2\/users\/1"}],"replies":[{"embeddable":true,"href":"https:\/\/prensapresidencialvenezuela.gob.ve\/index.php\/wp-json\/wp\/v2\/comments?post=8468"}],"version-history":[{"count":1,"href":"https:\/\/prensapresidencialvenezuela.gob.ve\/index.php\/wp-json\/wp\/v2\/posts\/8468\/revisions"}],"predecessor-version":[{"id":8473,"href":"https:\/\/prensapresidencialvenezuela.gob.ve\/index.php\/wp-json\/wp\/v2\/posts\/8468\/revisions\/8473"}],"wp:featuredmedia":[{"embeddable":true,"href":"https:\/\/prensapresidencialvenezuela.gob.ve\/index.php\/wp-json\/wp\/v2\/media\/8472"}],"wp:attachment":[{"href":"https:\/\/prensapresidencialvenezuela.gob.ve\/index.php\/wp-json\/wp\/v2\/media?parent=8468"}],"wp:term":[{"taxonomy":"category","embeddable":true,"href":"https:\/\/prensapresidencialvenezuela.gob.ve\/index.php\/wp-json\/wp\/v2\/categories?post=8468"},{"taxonomy":"post_tag","embeddable":true,"href":"https:\/\/prensapresidencialvenezuela.gob.ve\/index.php\/wp-json\/wp\/v2\/tags?post=8468"}],"curies":[{"name":"wp","href":"https:\/\/api.w.org\/{rel}","templated":true}]}}