{"id":8471,"date":"2024-03-04T22:10:00","date_gmt":"2024-03-04T22:10:00","guid":{"rendered":"http:\/\/172.27.0.121\/?p=8471"},"modified":"2024-04-12T22:11:40","modified_gmt":"2024-04-12T22:11:40","slug":"estado-miranda-en-camino-a-convertirse-en-una-potencia-economica-integral","status":"publish","type":"post","link":"https:\/\/prensapresidencialvenezuela.gob.ve\/index.php\/2024\/03\/04\/estado-miranda-en-camino-a-convertirse-en-una-potencia-economica-integral\/","title":{"rendered":"Estado Miranda en camino a convertirse en una potencia econ\u00f3mica integral"},"content":{"rendered":"\n<p><strong>Los Teques, estado Miranda.-<\/strong> Como una potencia econ\u00f3mica integral se perfila el estado Miranda quien con su producci\u00f3n de caf\u00e9, cacao y flores de alta calidad se posiciona en los mercados nacionales e internacionales.<\/p>\n\n\n\n<p>\u201cMiranda va a crecer este a\u00f1o en producci\u00f3n, otra vez la tierra mirandina cada vez produce m\u00e1s y mejor,&nbsp; y la calidad que hace falta y estos productos caf\u00e9, cacao, las flores\u201d. Afirm\u00f3 el Presidente de la Rep\u00fablica Bolivariana de Venezuela, Nicol\u00e1s Maduro durante su programa televisivo \u201cCon Maduro +\u201d.<\/p>\n\n\n\n<p>Al respecto, el Gobernador de la entidad Mirandina, H\u00e9ctor Rodr\u00edguez aport\u00f3 que el caf\u00e9 que se produce en el estado ya se est\u00e1 exportando con muy buenas expectativas.<\/p>\n\n\n\n<p>\u201cEstamos exportando 3 mil kilos mensuales de caf\u00e9 de exportaci\u00f3n, estamos produciendo, tenemos 960 hect\u00e1reas de caf\u00e9 sembradas y la gran mayor\u00eda por supuesto va al mercado nacional, ah\u00ed con todos los productores estamos separando el caf\u00e9 de exportaci\u00f3n y ya lo estamos exportando y cada vez la demanda internacional aumenta\u201d, afirm\u00f3.<\/p>\n\n\n\n<p>En este marco, la productora de caf\u00e9 de la comuna \u201cHuellas de la Historia\u201d, Emerelis Garc\u00eda se\u00f1al\u00f3 que con esfuerzo el rubro contin\u00faa creciendo vertiginosamente.<\/p>\n\n\n\n<p>\u201cEn el tema del caf\u00e9 ha avanzado de una manera extraordinaria, de verdad las estad\u00edsticas hablan por s\u00ed solas\u201d.<\/p>\n\n\n\n<p>&nbsp;As\u00ed mismo, los productores destacaron que se forman para especializarse a\u00fan m\u00e1s en la gen\u00e9tica y las t\u00e9cnicas de siembra y cosecha, para elevar el nivel de calidad de los productos que ya son reconocidos a nivel mundial.<\/p>\n\n\n\n<p><strong>Prensa Presidencial \/ Mar\u00eda Mercedes Noguera<\/strong><\/p>\n","protected":false},"excerpt":{"rendered":"<p>Los Teques, estado Miranda.- Como una potencia econ\u00f3mica integral se perfila el estado Miranda quien con su producci\u00f3n de caf\u00e9, cacao y flores de alta calidad se posiciona en los mercados nacionales e internacionales. \u201cMiranda va a crecer este a\u00f1o en producci\u00f3n, otra vez la tierra mirandina cada vez produce m\u00e1s y mejor,&nbsp; y la [&hellip;]<\/p>\n","protected":false},"author":4,"featured_media":8475,"comment_status":"open","ping_status":"open","sticky":false,"template":"","format":"standard","meta":{"footnotes":""},"categories":[18,7],"tags":[],"class_list":["post-8471","post","type-post","status-publish","format-standard","has-post-thumbnail","hentry","category-noticias-principales","category-notas-de-prensa"],"_links":{"self":[{"href":"https:\/\/prensapresidencialvenezuela.gob.ve\/index.php\/wp-json\/wp\/v2\/posts\/8471","targetHints":{"allow":["GET"]}}],"collection":[{"href":"https:\/\/prensapresidencialvenezuela.gob.ve\/index.php\/wp-json\/wp\/v2\/posts"}],"about":[{"href":"https:\/\/prensapresidencialvenezuela.gob.ve\/index.php\/wp-json\/wp\/v2\/types\/post"}],"author":[{"embeddable":true,"href":"https:\/\/prensapresidencialvenezuela.gob.ve\/index.php\/wp-json\/wp\/v2\/users\/4"}],"replies":[{"embeddable":true,"href":"https:\/\/prensapresidencialvenezuela.gob.ve\/index.php\/wp-json\/wp\/v2\/comments?post=8471"}],"version-history":[{"count":1,"href":"https:\/\/prensapresidencialvenezuela.gob.ve\/index.php\/wp-json\/wp\/v2\/posts\/8471\/revisions"}],"predecessor-version":[{"id":8476,"href":"https:\/\/prensapresidencialvenezuela.gob.ve\/index.php\/wp-json\/wp\/v2\/posts\/8471\/revisions\/8476"}],"wp:featuredmedia":[{"embeddable":true,"href":"https:\/\/prensapresidencialvenezuela.gob.ve\/index.php\/wp-json\/wp\/v2\/media\/8475"}],"wp:attachment":[{"href":"https:\/\/prensapresidencialvenezuela.gob.ve\/index.php\/wp-json\/wp\/v2\/media?parent=8471"}],"wp:term":[{"taxonomy":"category","embeddable":true,"href":"https:\/\/prensapresidencialvenezuela.gob.ve\/index.php\/wp-json\/wp\/v2\/categories?post=8471"},{"taxonomy":"post_tag","embeddable":true,"href":"https:\/\/prensapresidencialvenezuela.gob.ve\/index.php\/wp-json\/wp\/v2\/tags?post=8471"}],"curies":[{"name":"wp","href":"https:\/\/api.w.org\/{rel}","templated":true}]}}