{"id":8477,"date":"2024-03-05T22:11:00","date_gmt":"2024-03-05T22:11:00","guid":{"rendered":"http:\/\/172.27.0.121\/?p=8477"},"modified":"2024-04-12T22:14:51","modified_gmt":"2024-04-12T22:14:51","slug":"nace-la-gran-mision-igualdad-y-justicia-social","status":"publish","type":"post","link":"https:\/\/prensapresidencialvenezuela.gob.ve\/index.php\/2024\/03\/05\/nace-la-gran-mision-igualdad-y-justicia-social\/","title":{"rendered":"Nace la Gran Misi\u00f3n Igualdad y Justicia Social"},"content":{"rendered":"\n<p><strong>Teatro Teresa Carre\u00f1o, Caracas.-<\/strong> El presidente de la Rep\u00fablica Bolivariana de Venezuela, Nicol\u00e1s Maduro Moros, anuncia la tarde de este martes, el lanzamiento de la Gran Misi\u00f3n Igualdad&nbsp; y Justicia Social Hugo Ch\u00e1vez.<\/p>\n\n\n\n<p>\u201cEste d\u00eda 5 de marzo de 2024 lleg\u00f3 el d\u00eda que ten\u00eda que llegar. Nace la gran misi\u00f3n de misiones: la Gran Misi\u00f3n Igualdad y Justicia Social Hugo Ch\u00e1vez, la Gran Misi\u00f3n para la vida, para recuperar el estado de bienestar, para construir el futuro\u201d, subray\u00f3 el jefe de Estado al anunciar su lanzamiento.<\/p>\n\n\n\n<p>Destac\u00f3 que esta pol\u00edtica de nueva generaci\u00f3n viene a sanar las heridas sociales que se han creado producto de 8 a\u00f1os de bombardeo con 930 sanciones criminales contra la sociedad y la econom\u00eda venezolana.<\/p>\n\n\n\n<p>\u201cHemos resistido heroicamente y hoy estamos en condiciones de decir a partir de hoy 5 de marzo vamos a una contra ofensiva victoriosa en el campo social por la igualdad, por la justicia social, por el Socialismo Bolivariano\u201d, enfatiz\u00f3.<\/p>\n\n\n\n<p>Desde los espacios del Teatro Teresa Carre\u00f1o, el Jefe de Estado comparti\u00f3 con hombres y mujeres quienes as\u00ed vez rinden homenaje al conmemorarse 11 a\u00f1os de la siembra del comandante Hugo Ch\u00e1vez.<\/p>\n\n\n\n<p>Acompa\u00f1an al Jefe de Estado, la primera combatiente Cilia Flores de Maduro, el titular de la cartera de cultura,\u00a0 Ernesto Villegas, autoridades del Gabinete Ejecutivo e invitados especiales.<\/p>\n\n\n\n<p>En contexto, el pasado mes de enero durante la Memoria y Cuenta del a\u00f1o 2023, que hiciere en la Asamblea Nacional, el presidente Maduro, expres\u00f3 la visi\u00f3n y la direcci\u00f3n de esta gran misi\u00f3n.<\/p>\n\n\n\n<p>\u201cLa Gran Misi\u00f3n Igualdad y Justicia Social es para todos, para atender de manera espec\u00edfica la desigualdad, la pobreza y la necesidad extrema que se ha creado y que existe, que es antip\u00e1tica y horrorosa\u201d, destac\u00f3.<\/p>\n\n\n\n<p><strong>Prensa Presidencial \/ Eduardo Hueck<\/strong><\/p>\n","protected":false},"excerpt":{"rendered":"<p>Teatro Teresa Carre\u00f1o, Caracas.- El presidente de la Rep\u00fablica Bolivariana de Venezuela, Nicol\u00e1s Maduro Moros, anuncia la tarde de este martes, el lanzamiento de la Gran Misi\u00f3n Igualdad&nbsp; y Justicia Social Hugo Ch\u00e1vez. \u201cEste d\u00eda 5 de marzo de 2024 lleg\u00f3 el d\u00eda que ten\u00eda que llegar. Nace la gran misi\u00f3n de misiones: la Gran [&hellip;]<\/p>\n","protected":false},"author":4,"featured_media":8482,"comment_status":"open","ping_status":"open","sticky":false,"template":"","format":"standard","meta":{"footnotes":""},"categories":[18,7],"tags":[],"class_list":["post-8477","post","type-post","status-publish","format-standard","has-post-thumbnail","hentry","category-noticias-principales","category-notas-de-prensa"],"_links":{"self":[{"href":"https:\/\/prensapresidencialvenezuela.gob.ve\/index.php\/wp-json\/wp\/v2\/posts\/8477","targetHints":{"allow":["GET"]}}],"collection":[{"href":"https:\/\/prensapresidencialvenezuela.gob.ve\/index.php\/wp-json\/wp\/v2\/posts"}],"about":[{"href":"https:\/\/prensapresidencialvenezuela.gob.ve\/index.php\/wp-json\/wp\/v2\/types\/post"}],"author":[{"embeddable":true,"href":"https:\/\/prensapresidencialvenezuela.gob.ve\/index.php\/wp-json\/wp\/v2\/users\/4"}],"replies":[{"embeddable":true,"href":"https:\/\/prensapresidencialvenezuela.gob.ve\/index.php\/wp-json\/wp\/v2\/comments?post=8477"}],"version-history":[{"count":1,"href":"https:\/\/prensapresidencialvenezuela.gob.ve\/index.php\/wp-json\/wp\/v2\/posts\/8477\/revisions"}],"predecessor-version":[{"id":8489,"href":"https:\/\/prensapresidencialvenezuela.gob.ve\/index.php\/wp-json\/wp\/v2\/posts\/8477\/revisions\/8489"}],"wp:featuredmedia":[{"embeddable":true,"href":"https:\/\/prensapresidencialvenezuela.gob.ve\/index.php\/wp-json\/wp\/v2\/media\/8482"}],"wp:attachment":[{"href":"https:\/\/prensapresidencialvenezuela.gob.ve\/index.php\/wp-json\/wp\/v2\/media?parent=8477"}],"wp:term":[{"taxonomy":"category","embeddable":true,"href":"https:\/\/prensapresidencialvenezuela.gob.ve\/index.php\/wp-json\/wp\/v2\/categories?post=8477"},{"taxonomy":"post_tag","embeddable":true,"href":"https:\/\/prensapresidencialvenezuela.gob.ve\/index.php\/wp-json\/wp\/v2\/tags?post=8477"}],"curies":[{"name":"wp","href":"https:\/\/api.w.org\/{rel}","templated":true}]}}