{"id":8504,"date":"2024-03-05T22:18:00","date_gmt":"2024-03-05T22:18:00","guid":{"rendered":"http:\/\/172.27.0.121\/?p=8504"},"modified":"2024-04-12T22:22:34","modified_gmt":"2024-04-12T22:22:34","slug":"en-claves-diez-vertices-regiran-a-la-gran-mision-igualdad-y-justicia-social-hugo-chavez","status":"publish","type":"post","link":"https:\/\/prensapresidencialvenezuela.gob.ve\/index.php\/2024\/03\/05\/en-claves-diez-vertices-regiran-a-la-gran-mision-igualdad-y-justicia-social-hugo-chavez\/","title":{"rendered":"En Claves | Diez v\u00e9rtices regir\u00e1n a la Gran Misi\u00f3n Igualdad y Justicia Social Hugo Ch\u00e1vez"},"content":{"rendered":"\n<p><strong>Teatro Teresa Carre\u00f1o, Caracas. &#8211;<\/strong> Diez v\u00e9rtices regir\u00e1n a la Gran Misi\u00f3n Igualdad y Justicia Social Hugo Ch\u00e1vez, lanzada y activada este martes por el presidente de la Rep\u00fablica Bolivariana de Venezuela, Nicol\u00e1s Maduro, quien destac\u00f3 que este plan socialista se pone en marcha como ejemplo del mejor tributo que \u201cle podamos hacer al comandante Ch\u00e1vez en sus once a\u00f1os de cambio de paisaje\u201d.<\/p>\n\n\n\n<p>Pormenoriz\u00f3 que los diez puntos que constar\u00e1n de 40 acciones son los siguientes:<\/p>\n\n\n\n<ol class=\"wp-block-list\">\n<li>Organizaci\u00f3n para la igualdad y justicia social.<\/li>\n\n\n\n<li>Vivienda y H\u00e1bitat.<\/li>\n\n\n\n<li>Educaci\u00f3n para la igualdad.<\/li>\n\n\n\n<li>Vivir saludable.<\/li>\n\n\n\n<li>Alimentaci\u00f3n.<\/li>\n\n\n\n<li>Econom\u00eda para la vida.<\/li>\n\n\n\n<li>Alegr\u00eda para mi comunidad.<\/li>\n\n\n\n<li>Bienestar personal.<\/li>\n\n\n\n<li>Abuelos e hijos de Venezuela.<\/li>\n\n\n\n<li>Seguridad.<\/li>\n<\/ol>\n\n\n\n<p>El Mandatario venezolano enfatiz\u00f3 que este es el mejor homenaje que se le puede dar al comandante, as\u00ed como trabajar por la igualdad del pueblo, trabajar por los pobres de la tierra, por los campos, por los barrios, por quien clama, necesita y sufre.<\/p>\n\n\n\n<p>\u201cIr por \u00e9l, ir por ella. Trabajar codo a codo por la familia, por la comunidad\u201d, recalc\u00f3, como parte de lo que debe ser el ejercicio de las pol\u00edticas p\u00fablicas en favor de la gente.<\/p>\n\n\n\n<p>El jefe de Estado apunt\u00f3 que hoy \u201cnace en el firmamento de Venezuela para proteger amorosamente al pueblo, la Gran Misi\u00f3n de Nueva Generaci\u00f3n de Igualdad y Justicia Social, la Gran Misi\u00f3n Hugo Ch\u00e1vez (\u2026) Es una gran misi\u00f3n de misiones, as\u00ed la denomin\u00e9\u201d.<\/p>\n\n\n\n<p>Explic\u00f3 que en los d\u00edas que est\u00e1n por venir se ir\u00e1 explicando cada v\u00e9rtice y cada acci\u00f3n, como parte de un \u201ctrabajo hermoso para proteger a la familia, a la comunidad, al pueblo\u201d.<\/p>\n\n\n\n<p>A tal efecto, detall\u00f3 que ser\u00e1n tomadas en cuenta \u201cmuchas cosas que tenemos que relanzar\u201d, y \u201ccreando muchas acciones y planes nuevos para avanzar sobre la protecci\u00f3n del que necesita\u201d.<\/p>\n\n\n\n<p>Este pronunciamiento lo realiz\u00f3 el Mandatario Nacional en el acto de lanzamiento de la Gran Misi\u00f3n Igualdad y Justicia Social Hugo Ch\u00e1vez, desde el Teatro Teresa Carre\u00f1o, ubicado en Caracas. <\/p>\n\n\n\n<p><strong>Prensa Presidencial \/ Ana\u00eds P\u00e9rez<\/strong><\/p>\n","protected":false},"excerpt":{"rendered":"<p>Teatro Teresa Carre\u00f1o, Caracas. &#8211; Diez v\u00e9rtices regir\u00e1n a la Gran Misi\u00f3n Igualdad y Justicia Social Hugo Ch\u00e1vez, lanzada y activada este martes por el presidente de la Rep\u00fablica Bolivariana de Venezuela, Nicol\u00e1s Maduro, quien destac\u00f3 que este plan socialista se pone en marcha como ejemplo del mejor tributo que \u201cle podamos hacer al comandante [&hellip;]<\/p>\n","protected":false},"author":4,"featured_media":8510,"comment_status":"open","ping_status":"open","sticky":false,"template":"","format":"standard","meta":{"footnotes":""},"categories":[18,7],"tags":[],"class_list":["post-8504","post","type-post","status-publish","format-standard","has-post-thumbnail","hentry","category-noticias-principales","category-notas-de-prensa"],"_links":{"self":[{"href":"https:\/\/prensapresidencialvenezuela.gob.ve\/index.php\/wp-json\/wp\/v2\/posts\/8504","targetHints":{"allow":["GET"]}}],"collection":[{"href":"https:\/\/prensapresidencialvenezuela.gob.ve\/index.php\/wp-json\/wp\/v2\/posts"}],"about":[{"href":"https:\/\/prensapresidencialvenezuela.gob.ve\/index.php\/wp-json\/wp\/v2\/types\/post"}],"author":[{"embeddable":true,"href":"https:\/\/prensapresidencialvenezuela.gob.ve\/index.php\/wp-json\/wp\/v2\/users\/4"}],"replies":[{"embeddable":true,"href":"https:\/\/prensapresidencialvenezuela.gob.ve\/index.php\/wp-json\/wp\/v2\/comments?post=8504"}],"version-history":[{"count":1,"href":"https:\/\/prensapresidencialvenezuela.gob.ve\/index.php\/wp-json\/wp\/v2\/posts\/8504\/revisions"}],"predecessor-version":[{"id":8518,"href":"https:\/\/prensapresidencialvenezuela.gob.ve\/index.php\/wp-json\/wp\/v2\/posts\/8504\/revisions\/8518"}],"wp:featuredmedia":[{"embeddable":true,"href":"https:\/\/prensapresidencialvenezuela.gob.ve\/index.php\/wp-json\/wp\/v2\/media\/8510"}],"wp:attachment":[{"href":"https:\/\/prensapresidencialvenezuela.gob.ve\/index.php\/wp-json\/wp\/v2\/media?parent=8504"}],"wp:term":[{"taxonomy":"category","embeddable":true,"href":"https:\/\/prensapresidencialvenezuela.gob.ve\/index.php\/wp-json\/wp\/v2\/categories?post=8504"},{"taxonomy":"post_tag","embeddable":true,"href":"https:\/\/prensapresidencialvenezuela.gob.ve\/index.php\/wp-json\/wp\/v2\/tags?post=8504"}],"curies":[{"name":"wp","href":"https:\/\/api.w.org\/{rel}","templated":true}]}}