{"id":8519,"date":"2024-03-05T22:22:00","date_gmt":"2024-03-05T22:22:00","guid":{"rendered":"http:\/\/172.27.0.121\/?p=8519"},"modified":"2024-04-12T22:25:46","modified_gmt":"2024-04-12T22:25:46","slug":"conozca-las-acciones-de-la-gran-mision-igualdad-y-justicia-social-que-concretan-planes-en-favor-del-pueblo","status":"publish","type":"post","link":"https:\/\/prensapresidencialvenezuela.gob.ve\/index.php\/2024\/03\/05\/conozca-las-acciones-de-la-gran-mision-igualdad-y-justicia-social-que-concretan-planes-en-favor-del-pueblo\/","title":{"rendered":"Conozca las acciones de la Gran Misi\u00f3n Igualdad y Justicia Social que concretan planes en favor del pueblo"},"content":{"rendered":"\n<p><strong>Teatro Teresa Carre\u00f1o, Caracas.\u2013 <\/strong>La Gran Misi\u00f3n Igualdad y Justicia Social concreta planes que van orientados a beneficiar cada vez m\u00e1s al pueblo.<\/p>\n\n\n\n<p>Este martes, el presidente Nicol\u00e1s Maduro detall\u00f3 en qu\u00e9 consisten parte de las 40 acciones que conforman los diez v\u00e9rtices que integran el plan socialista que naci\u00f3 en homenaje al comandante Hugo Ch\u00e1vez.<\/p>\n\n\n\n<p>Como parte del primer v\u00e9rtice: Organizaci\u00f3n para la igualdad y justicia social, especific\u00f3 que las acciones son:<\/p>\n\n\n\n<p>1.La conformaci\u00f3n de las nuevas Brigadas Hugo Ch\u00e1vez en todas las comunidades del pa\u00eds, con los voceros de los consejos comunales, el Movimiento Somos Venezuela, los jefes de comunidad y calle, maestros, comit\u00e9s de salud, la Milicia Nacional Bolivariana, los movimientos sociales y colectivos de la comunidad y el Frente Francisco de Miranda.<\/p>\n\n\n\n<p>Explic\u00f3 que la meta, en los primeros 90 d\u00edas, es conformar las primeras 40 mil brigadas Hugo Ch\u00e1vez por la igualdad en todo el territorio, con el objetivo de concretar planes sociales.<\/p>\n\n\n\n<p>2. La segunda acci\u00f3n es proceder a la digitalizaci\u00f3n de la cartograf\u00eda social y de la agenda concreta de acci\u00f3n de todas las comunidades que lo tienen as\u00ed elaborado.<\/p>\n\n\n\n<p>3.La tercera acci\u00f3n del primer v\u00e9rtice es, con fecha del 1\u00b0 junio, lograr la meta de inaugurar 640 nuevas bases de misiones socialistas y llegar a 3 mil instancias de este tipo. \u201cTodas activadas, reimpulsadas y reorganizadas\u201d.<\/p>\n\n\n\n<p>4.La cuarta acci\u00f3n, tiene que ver con un plan para atender en los pr\u00f3ximos cien d\u00edas, con meta el 30 de junio, a las 2.500 comunidades m\u00e1s vulnerables del pa\u00eds. \u201catenderlas integral mente en el Plan Amor en Acci\u00f3n de las Victimas de la Guerra Econ\u00f3mica\u201d.<\/p>\n\n\n\n<p>El presidente indic\u00f3 que estas comunidades ya est\u00e1n identificadas, por lo que solo llam\u00f3 a unir \u201cfuerzas, todas las gobernaciones, alcald\u00edas. Estamos aqu\u00ed para trabajar, servir y atender a las v\u00edctimas de la guerra econ\u00f3mica y las sanciones criminales del imperialismo\u201d.<\/p>\n\n\n\n<p>En relaci\u00f3n al segundo v\u00e9rtice, Vivienda y H\u00e1bitat, y sus acciones inmediatas se\u00f1al\u00f3 que estas tienen que ver:<\/p>\n\n\n\n<ol class=\"wp-block-list\">\n<li>Mi techo: suministro, instalaci\u00f3n de las l\u00e1minas de techo para las comunidades populares.<\/li>\n\n\n\n<li>Plan Mi Piso, para resolver los problemas que existen en al menos en 55 mil viviendas diagnosticadas.<\/li>\n\n\n\n<li>Mi pared, plan para el suministro de bloques, agregados, cemento, para la autoconstrucci\u00f3n y ampliaci\u00f3n de viviendas.<\/li>\n\n\n\n<li>Mi ba\u00f1o, para suministrar el kit sanitario, en funci\u00f3n de 115 mil viviendas diagnosticados<\/li>\n\n\n\n<li>Nuestro edificio, que pasa por la rehabilitaci\u00f3n, mantenimiento y conservaci\u00f3n de los urbanismos de la Gran Misi\u00f3n Vivienda Venezuela y de los urbanismos populares en el pa\u00eds.<\/li>\n\n\n\n<li>Reubicar las familias que a\u00fan quedan en situaci\u00f3n de riesgo y que se encuentran refugiadas.<\/li>\n\n\n\n<li>Avanzar en 115 mil viviendas para familias en condici\u00f3n de hacinamiento.<\/li>\n\n\n\n<li>Dar fuerza al programa Formaci\u00f3n del Constructor Popular.<\/li>\n\n\n\n<li>La activaci\u00f3n de mil nuevas canchas deportivas, en los barrios.<\/li>\n<\/ol>\n\n\n\n<p>En el tercer v\u00e9rtice de la Educaci\u00f3n Para Igualdad, detall\u00f3:<\/p>\n\n\n\n<ol class=\"wp-block-list\">\n<li>Mi ni\u00f1o feliz, con la creaci\u00f3n de mil centros de cuidado y protecci\u00f3n para la atenci\u00f3n de: salud, psicosocial y de familia.<\/li>\n\n\n\n<li>La Escuela: Amor y Futuro para ubicar a ni\u00f1os y ni\u00f1as de 3 a 6 a\u00f1os que todav\u00eda no se han incorporado al sistema educativo formal inicial y de primaria, y lograr el 100% como meta de escolaridad en esta fase.<\/li>\n\n\n\n<li>Acci\u00f3n especial sobre la educaci\u00f3n primaria para incorporar a j\u00f3venes entre 10 y 14 a\u00f1os, que por circunstancia de vulnerabilidad no est\u00e1n en el sistema educativo regular.<\/li>\n\n\n\n<li>Programa Ven, aprende, emprende y trasciende, el cual debe promocionar oportunidades concretas de desarrollo para los j\u00f3venes que lo alejen de conductas perjudiciales para ellos y sus familias.<\/li>\n\n\n\n<li>La reactivaci\u00f3n y fortalecimiento de las escuelas de emprendimientos, que permita incorporar a los innovadores en las distintas ocupaciones u oficios, mediante mil 472 centros de desarrollo de la calidad educativa en todo el territorio nacional.<\/li>\n\n\n\n<li>Mi identidad, consiste en incorporar en mil escuelas como programas de arranque a los maestros y maestras biling\u00fces de las comunidades ind\u00edgenas hablantes y conocedores de las lenguas originarias.<\/li>\n\n\n\n<li>Lanzar con fuerza en todas las escuelas y liceos el programa \u201cConuco Escolares Carlos Lanz\u201d.<\/li>\n<\/ol>\n\n\n\n<p>Sobre el cuarto V\u00e9rtice, 4. Vivir saludable. pormenoriz\u00f3 las siguientes acciones:<\/p>\n\n\n\n<p>1. Complementos para la vida previos registros realizadas por las brigadas Hugo Ch\u00e1vez, debe realizarse la entrega peri\u00f3dica de suplementos nutricionales y vitam\u00ednicos, para garantizar su acceso, as\u00ed como el de medicamentos para enfermedades cr\u00f3nicas no trasmisibles.<\/p>\n\n\n\n<p>2. Conocimiento es Salud.<\/p>\n\n\n\n<p>3. M\u00e1s Salud, para la atenci\u00f3n a pacientes con enfermedades asociadas a la pobreza y v\u00edctimas de la guerra econ\u00f3mica.<\/p>\n\n\n\n<p>4.Ruta saludable, que implica visita casa a casa.<\/p>\n\n\n\n<p>5.profundizaci\u00f3n del plan La Salud va a la escuela.<\/p>\n\n\n\n<p>6.Mente sana, que pasa por la prevenci\u00f3n y atenci\u00f3n de la salud mental.<\/p>\n\n\n\n<p>7. Vida Libre de adicciones.<\/p>\n\n\n\n<p>Al respecto, el Mandatario nacional subray\u00f3 que estas acciones \u201cquedan activadas a partir de hoy y deben ser explicadas por el equipo al detalle por el equipo nacional de conducci\u00f3n de la Gran Misi\u00f3n\u201d.<\/p>\n\n\n\n<p><strong>Prensa Presidencial \/ Ana\u00eds P\u00e9rez<\/strong><\/p>\n","protected":false},"excerpt":{"rendered":"<p>Teatro Teresa Carre\u00f1o, Caracas.\u2013 La Gran Misi\u00f3n Igualdad y Justicia Social concreta planes que van orientados a beneficiar cada vez m\u00e1s al pueblo. Este martes, el presidente Nicol\u00e1s Maduro detall\u00f3 en qu\u00e9 consisten parte de las 40 acciones que conforman los diez v\u00e9rtices que integran el plan socialista que naci\u00f3 en homenaje al comandante Hugo [&hellip;]<\/p>\n","protected":false},"author":4,"featured_media":8526,"comment_status":"open","ping_status":"open","sticky":false,"template":"","format":"standard","meta":{"footnotes":""},"categories":[18,7],"tags":[],"class_list":["post-8519","post","type-post","status-publish","format-standard","has-post-thumbnail","hentry","category-noticias-principales","category-notas-de-prensa"],"_links":{"self":[{"href":"https:\/\/prensapresidencialvenezuela.gob.ve\/index.php\/wp-json\/wp\/v2\/posts\/8519","targetHints":{"allow":["GET"]}}],"collection":[{"href":"https:\/\/prensapresidencialvenezuela.gob.ve\/index.php\/wp-json\/wp\/v2\/posts"}],"about":[{"href":"https:\/\/prensapresidencialvenezuela.gob.ve\/index.php\/wp-json\/wp\/v2\/types\/post"}],"author":[{"embeddable":true,"href":"https:\/\/prensapresidencialvenezuela.gob.ve\/index.php\/wp-json\/wp\/v2\/users\/4"}],"replies":[{"embeddable":true,"href":"https:\/\/prensapresidencialvenezuela.gob.ve\/index.php\/wp-json\/wp\/v2\/comments?post=8519"}],"version-history":[{"count":1,"href":"https:\/\/prensapresidencialvenezuela.gob.ve\/index.php\/wp-json\/wp\/v2\/posts\/8519\/revisions"}],"predecessor-version":[{"id":8530,"href":"https:\/\/prensapresidencialvenezuela.gob.ve\/index.php\/wp-json\/wp\/v2\/posts\/8519\/revisions\/8530"}],"wp:featuredmedia":[{"embeddable":true,"href":"https:\/\/prensapresidencialvenezuela.gob.ve\/index.php\/wp-json\/wp\/v2\/media\/8526"}],"wp:attachment":[{"href":"https:\/\/prensapresidencialvenezuela.gob.ve\/index.php\/wp-json\/wp\/v2\/media?parent=8519"}],"wp:term":[{"taxonomy":"category","embeddable":true,"href":"https:\/\/prensapresidencialvenezuela.gob.ve\/index.php\/wp-json\/wp\/v2\/categories?post=8519"},{"taxonomy":"post_tag","embeddable":true,"href":"https:\/\/prensapresidencialvenezuela.gob.ve\/index.php\/wp-json\/wp\/v2\/tags?post=8519"}],"curies":[{"name":"wp","href":"https:\/\/api.w.org\/{rel}","templated":true}]}}