{"id":8553,"date":"2024-01-25T22:30:55","date_gmt":"2024-01-25T22:30:55","guid":{"rendered":"http:\/\/172.27.0.121\/?p=8553"},"modified":"2024-04-12T22:31:54","modified_gmt":"2024-04-12T22:31:54","slug":"presidente-a-seguidores-de-la-nefasta-conseja-de-milei-veanse-en-el-espejo-de-carlos-andres-perez","status":"publish","type":"post","link":"https:\/\/prensapresidencialvenezuela.gob.ve\/index.php\/2024\/01\/25\/presidente-a-seguidores-de-la-nefasta-conseja-de-milei-veanse-en-el-espejo-de-carlos-andres-perez\/","title":{"rendered":"Presidente a seguidores de la nefasta conseja de Milei: V\u00e9anse en el \u201cespejo de Carlos Andr\u00e9s P\u00e9rez\u201d"},"content":{"rendered":"\n<p><\/p>\n\n\n\n<p><strong>Palacio de Miraflores, Caracas. \u2013 <\/strong>El presidente de la Rep\u00fablica Bolivariana de Venezuela, Nicol\u00e1s Maduro, fustig\u00f3 este jueves la conseja libertaria que llega desde Argentina, en la voz de Javier Milei, con la que, denunci\u00f3: \u201cSe pretende desaparecer el Estado, desnacionalizar las econom\u00edas y pr\u00e1cticamente convertir a los pa\u00edses en pa\u00edses sin Estados, sin leyes, sin derechos colectivos, sin independencia, sin soberan\u00eda y sin econom\u00eda\u201d.<\/p>\n\n\n\n<p>A prop\u00f3sito de ello, alert\u00f3 que esta es la peor propuesta que \u201cjam\u00e1s se haya escuchado y se haya tratado de implementar en un pa\u00eds de Am\u00e9rica Latina, la que est\u00e1 tratando de implementar Javier Milei\u201d, durante laJornada de trabajo con la Plenaria del Consejo Federal de Gobierno en el marco de las 7T. Nets, desde el Palacio de Miraflores en la ciudad de Caracas.<\/p>\n\n\n\n<p>El Jefe de Estado record\u00f3 que hay quienes en Venezuela y en el mundo dicen que Milei es el \u201cl\u00edder\u201d y el \u201cproyecto de Milei es el proyecto a traer a Venezuela\u201d, raz\u00f3n por la que invit\u00f3, a quienes as\u00ed lo consideran, \u201cverse en el espejo de Carlos Andr\u00e9s P\u00e9rez y se vean en el espejo del 27 y 28 de febrero de 1989. Venezuela fue el primer pa\u00eds que le dijo al neoliberalismo, del pensamiento \u00fanico, en 1989 (\u2026) le dijo no al \u201cpaquetazo neoliberal\u201d, no al neoliberalismo, no al capitalismo salvaje\u201d.<\/p>\n\n\n\n<p>Atribuy\u00f3 este comportamiento a la admiraci\u00f3n que sienten por \u201cpa\u00edses como Estados Unidos donde hay un Estado fuerte, leyes fuertes. Milei se va para Davos (ciudad en Suiza) a decir que no hay que pagar impuestos. \u00a1Vaya a Estados Unidos y diga que no hay que pagar impuestos!, preso y la silla el\u00e9ctrica\u201d.<\/p>\n\n\n\n<p>\u201c\u00a1Que alguien en Estados Unidos diga no pago m\u00e1s impuestos, llamo a que no se pegue m\u00e1s impuestos (\u2026) a la media hora le llega el FBI!\u201d, manifest\u00f3 el Mandatario venezolano.<\/p>\n\n\n\n<p>En contraste, el presidente Maduro refiri\u00f3 que es necesario un Estado moderno, descentralizado y que tome en cuenta la diversidad de las regiones y las fortalezas de esa diversidad, sin embargo, \u201cque represente a un pa\u00eds, que cohesione a un pa\u00eds y sea capaz, a trav\u00e9s de las leyes, traer paz a un pa\u00eds, trabajo, prosperidad, progreso, avance\u201d.<\/p>\n\n\n\n<p>De ah\u00ed, se\u00f1al\u00f3 que radica la importancia del Consejo Federal de Gobierno y de que este a\u00f1o perfeccione sus mecanismos institucionales y avance en la coordinaci\u00f3n real y verdadera.<\/p>\n\n\n\n<p>Durante la alocuci\u00f3n, tambi\u00e9n record\u00f3 que los alcaldes y gobernadores, son quienes llevan en \u201csus hombros la pesada carga de atender los problemas de todo nuestro pueblo y de buscarle soluciones innovadoras, creativas y sustentables\u201d.<\/p>\n\n\n\n<p><strong>Prensa Presidencial \/ Ana\u00eds P\u00e9rez<\/strong><\/p>\n","protected":false},"excerpt":{"rendered":"<p>Palacio de Miraflores, Caracas. \u2013 El presidente de la Rep\u00fablica Bolivariana de Venezuela, Nicol\u00e1s Maduro, fustig\u00f3 este jueves la conseja libertaria que llega desde Argentina, en la voz de Javier Milei, con la que, denunci\u00f3: \u201cSe pretende desaparecer el Estado, desnacionalizar las econom\u00edas y pr\u00e1cticamente convertir a los pa\u00edses en pa\u00edses sin Estados, sin leyes, [&hellip;]<\/p>\n","protected":false},"author":1,"featured_media":8557,"comment_status":"open","ping_status":"open","sticky":false,"template":"","format":"standard","meta":{"footnotes":""},"categories":[7],"tags":[],"class_list":["post-8553","post","type-post","status-publish","format-standard","has-post-thumbnail","hentry","category-notas-de-prensa"],"_links":{"self":[{"href":"https:\/\/prensapresidencialvenezuela.gob.ve\/index.php\/wp-json\/wp\/v2\/posts\/8553","targetHints":{"allow":["GET"]}}],"collection":[{"href":"https:\/\/prensapresidencialvenezuela.gob.ve\/index.php\/wp-json\/wp\/v2\/posts"}],"about":[{"href":"https:\/\/prensapresidencialvenezuela.gob.ve\/index.php\/wp-json\/wp\/v2\/types\/post"}],"author":[{"embeddable":true,"href":"https:\/\/prensapresidencialvenezuela.gob.ve\/index.php\/wp-json\/wp\/v2\/users\/1"}],"replies":[{"embeddable":true,"href":"https:\/\/prensapresidencialvenezuela.gob.ve\/index.php\/wp-json\/wp\/v2\/comments?post=8553"}],"version-history":[{"count":1,"href":"https:\/\/prensapresidencialvenezuela.gob.ve\/index.php\/wp-json\/wp\/v2\/posts\/8553\/revisions"}],"predecessor-version":[{"id":8558,"href":"https:\/\/prensapresidencialvenezuela.gob.ve\/index.php\/wp-json\/wp\/v2\/posts\/8553\/revisions\/8558"}],"wp:featuredmedia":[{"embeddable":true,"href":"https:\/\/prensapresidencialvenezuela.gob.ve\/index.php\/wp-json\/wp\/v2\/media\/8557"}],"wp:attachment":[{"href":"https:\/\/prensapresidencialvenezuela.gob.ve\/index.php\/wp-json\/wp\/v2\/media?parent=8553"}],"wp:term":[{"taxonomy":"category","embeddable":true,"href":"https:\/\/prensapresidencialvenezuela.gob.ve\/index.php\/wp-json\/wp\/v2\/categories?post=8553"},{"taxonomy":"post_tag","embeddable":true,"href":"https:\/\/prensapresidencialvenezuela.gob.ve\/index.php\/wp-json\/wp\/v2\/tags?post=8553"}],"curies":[{"name":"wp","href":"https:\/\/api.w.org\/{rel}","templated":true}]}}