{"id":8566,"date":"2024-03-05T22:32:00","date_gmt":"2024-03-05T22:32:00","guid":{"rendered":"http:\/\/172.27.0.121\/?p=8566"},"modified":"2024-04-12T22:34:58","modified_gmt":"2024-04-12T22:34:58","slug":"170-mil-creditos-para-emprendedores-otorgara-la-gran-mision-igualdad-y-justicia-social","status":"publish","type":"post","link":"https:\/\/prensapresidencialvenezuela.gob.ve\/index.php\/2024\/03\/05\/170-mil-creditos-para-emprendedores-otorgara-la-gran-mision-igualdad-y-justicia-social\/","title":{"rendered":"170 mil cr\u00e9ditos para emprendedores otorgar\u00e1 la Gran Misi\u00f3n Igualdad y Justicia Social"},"content":{"rendered":"\n<p><strong>Teatro Teresa Carre\u00f1o, Caracas.-<\/strong> La Gran Misi\u00f3n Igualdad y Justicias Social \u201cHugo Ch\u00e1vez\u201d, otorgar\u00e1 un total de 170 mil cr\u00e9ditos para emprendedores del pa\u00eds, inform\u00f3 el presidente de la Rep\u00fablica, Nicol\u00e1s Maduro.<\/p>\n\n\n\n<p>Durante la activaci\u00f3n de esta Gran Misi\u00f3n de nueva generaci\u00f3n, el Jefe de Estado explic\u00f3 que el sexto v\u00e9rtice denominado: \u00abEconom\u00eda para la vida\u00bb, activar\u00e1 el plan especial de cr\u00e9ditos populares a trav\u00e9s de Credivida, un mecanismo para la m\u00e1xima inclusi\u00f3n financiera de peque\u00f1os negocios en las comunas y consejos comunales del pa\u00eds.<\/p>\n\n\n\n<p>Precis\u00f3 que para este plan est\u00e1n destinados \u201cdos millones de d\u00f3lares mensuales dedicados a partir de marzo, solo a entregar Credivida, para ustedes, para montar su bodeguita, para montar su emprendimiento, pero en la Brigada Territorial Hugo Ch\u00e1vez, de base Credivida. \u00a1Nace Credivida!\u201d.&nbsp;<\/p>\n\n\n\n<p>Destac\u00f3 que estas acciones buscan \u201cactivar la econom\u00eda popular, mejorar la vida en las comunidades y que el pueblo pueda acceder directamente al producto fresco y en mejores precios\u201d al tiempo que se generan empleos en las comunidades. \u201cLa econom\u00eda popular, la econom\u00eda comunal, la econom\u00eda del territorio; y todo est\u00e1 en manos de las Brigadas Territoriales\u201d.<\/p>\n\n\n\n<p>Asimismo, explic\u00f3 que mediante el Banco de Venezuela, las bodegas, el emprendedor popular ser\u00e1n incluidos en el sistema Biopago para los cr\u00e9ditos.<\/p>\n\n\n\n<p>En ese sentido, la vicepresidenta de la Rep\u00fablica, Delcy Rodr\u00edguez, detall\u00f3 que esta iniciativa permitir\u00e1 al pueblo, y desde las bodegas, \u201ctener descuento entre el cincuenta y el sesenta por ciento de los precios de los productos. As\u00ed que es un programa muy importante porque va directo contra la especulaci\u00f3n y contra la inflaci\u00f3n en alimentos\u201d.<\/p>\n\n\n\n<p>La vicepresidenta Rodr\u00edguez, notific\u00f3 que a trav\u00e9s de la Integral de Mercados y Almacenes (INMERCA), en Caracas, los acreditados podr\u00e1s comprar los productos y llevarlos directo a sus bodegas, experiencia que se replicar\u00e1 en todo el pa\u00eds.<\/p>\n\n\n\n<p><strong>Espacios para la recreaci\u00f3n<\/strong><\/p>\n\n\n\n<p>El Mandatario nacional, tambi\u00e9n inform\u00f3 que el s\u00e9ptimo v\u00e9rtice de la Gran Misi\u00f3n Igualdad y Justicia Social, denominado: Alegr\u00eda para mi comunidad, activar\u00e1 planes como la Comunidad Activa, que ser\u00e1n espacios para desarrollar actividades f\u00edsicas, deportivas y culturales. \u201cTodo esto se cruza con la Gran Misi\u00f3n Viva Venezuela\u201d, acot\u00f3.<\/p>\n\n\n\n<p>Igualmente, el plan Mi calle, activar\u00e1 al menos una calle en cada comunidad con actividades colectivas, f\u00edsicas, deportivas y culturales, por lo que se activar\u00e1n inmediatamente campeonatos juveniles y para adultos mayores en juegos de pelotica de goma y otros tipos de juegos tradicionales.<\/p>\n\n\n\n<p>Este v\u00e9rtice plantea la operaci\u00f3n Chapuz\u00f3n, para activar piscinas de pl\u00e1sticos, en las comunidades para los ni\u00f1os y ni\u00f1as; la Fiesta Tricolor es otra opci\u00f3n que a trav\u00e9s de las casas de alimentaci\u00f3n y conjuntamente con la Gran Misi\u00f3n Viva Venezuela, celebrar\u00e1n de manera conjunta y comunitaria los cumplea\u00f1os, de toda la comunidad \u201cy que la Gran Misi\u00f3n Alimentaci\u00f3n, le aporte todo lo que necesite una familia y una comunidad para su fiesta\u201d, orden\u00f3 el Presidente.<\/p>\n\n\n\n<p>Este v\u00e9rtice concluye su accionar con el plan Mi cancha tricolor, que activar\u00e1 en los pr\u00f3ximos d\u00edas: 1000 canchas nuevas, en 1000 comunidades amarradas a las brigadas territoriales Hugo Ch\u00e1vez.<\/p>\n\n\n\n<p><strong>Prensa Presidencial \/ Rosiris Ortega Ortiz<\/strong><\/p>\n","protected":false},"excerpt":{"rendered":"<p>Teatro Teresa Carre\u00f1o, Caracas.- La Gran Misi\u00f3n Igualdad y Justicias Social \u201cHugo Ch\u00e1vez\u201d, otorgar\u00e1 un total de 170 mil cr\u00e9ditos para emprendedores del pa\u00eds, inform\u00f3 el presidente de la Rep\u00fablica, Nicol\u00e1s Maduro. Durante la activaci\u00f3n de esta Gran Misi\u00f3n de nueva generaci\u00f3n, el Jefe de Estado explic\u00f3 que el sexto v\u00e9rtice denominado: \u00abEconom\u00eda para la [&hellip;]<\/p>\n","protected":false},"author":4,"featured_media":8575,"comment_status":"open","ping_status":"open","sticky":false,"template":"","format":"standard","meta":{"footnotes":""},"categories":[18,7],"tags":[],"class_list":["post-8566","post","type-post","status-publish","format-standard","has-post-thumbnail","hentry","category-noticias-principales","category-notas-de-prensa"],"_links":{"self":[{"href":"https:\/\/prensapresidencialvenezuela.gob.ve\/index.php\/wp-json\/wp\/v2\/posts\/8566","targetHints":{"allow":["GET"]}}],"collection":[{"href":"https:\/\/prensapresidencialvenezuela.gob.ve\/index.php\/wp-json\/wp\/v2\/posts"}],"about":[{"href":"https:\/\/prensapresidencialvenezuela.gob.ve\/index.php\/wp-json\/wp\/v2\/types\/post"}],"author":[{"embeddable":true,"href":"https:\/\/prensapresidencialvenezuela.gob.ve\/index.php\/wp-json\/wp\/v2\/users\/4"}],"replies":[{"embeddable":true,"href":"https:\/\/prensapresidencialvenezuela.gob.ve\/index.php\/wp-json\/wp\/v2\/comments?post=8566"}],"version-history":[{"count":1,"href":"https:\/\/prensapresidencialvenezuela.gob.ve\/index.php\/wp-json\/wp\/v2\/posts\/8566\/revisions"}],"predecessor-version":[{"id":8576,"href":"https:\/\/prensapresidencialvenezuela.gob.ve\/index.php\/wp-json\/wp\/v2\/posts\/8566\/revisions\/8576"}],"wp:featuredmedia":[{"embeddable":true,"href":"https:\/\/prensapresidencialvenezuela.gob.ve\/index.php\/wp-json\/wp\/v2\/media\/8575"}],"wp:attachment":[{"href":"https:\/\/prensapresidencialvenezuela.gob.ve\/index.php\/wp-json\/wp\/v2\/media?parent=8566"}],"wp:term":[{"taxonomy":"category","embeddable":true,"href":"https:\/\/prensapresidencialvenezuela.gob.ve\/index.php\/wp-json\/wp\/v2\/categories?post=8566"},{"taxonomy":"post_tag","embeddable":true,"href":"https:\/\/prensapresidencialvenezuela.gob.ve\/index.php\/wp-json\/wp\/v2\/tags?post=8566"}],"curies":[{"name":"wp","href":"https:\/\/api.w.org\/{rel}","templated":true}]}}