{"id":8623,"date":"2024-01-29T17:28:14","date_gmt":"2024-01-29T17:28:14","guid":{"rendered":"http:\/\/172.27.0.121\/?p=8623"},"modified":"2024-04-15T17:29:40","modified_gmt":"2024-04-15T17:29:40","slug":"venezuela-conforma-nuevo-cuadro-para-que-la-reclamacion-historica-por-el-esequibo-sea-aceptada","status":"publish","type":"post","link":"https:\/\/prensapresidencialvenezuela.gob.ve\/index.php\/2024\/01\/29\/venezuela-conforma-nuevo-cuadro-para-que-la-reclamacion-historica-por-el-esequibo-sea-aceptada\/","title":{"rendered":"Venezuela conforma \u201cnuevo cuadro\u201d para que la reclamaci\u00f3n hist\u00f3rica por el Esequibo sea aceptada"},"content":{"rendered":"\n<p><strong>Palacio de Miraflores, Caracas. \u2013<\/strong> Luego de que Guyana se comprometiera a abordar el Acuerdo de Ginebra de 1966, tras el encuentro celebrado entre los cancilleres de Venezuela y la naci\u00f3n vecina, el presidente de la Rep\u00fablica Bolivariana de Venezuela, subray\u00f3 este lunes que \u201cpoco a poco tenemos que ir conduciendo este proceso de reclamaci\u00f3n justa e hist\u00f3rica hac\u00eda un proceso de recuperaci\u00f3n pacifica de los derechos de Venezuela sobre el Esequibo\u201d.<\/p>\n\n\n\n<p>En su programa Con Maduro +, el Dignatario venezolano prioriz\u00f3 que Venezuela cuenta con una diplomacia experimentada, exitosa, inteligente, en medio de un escenario en el que \u201csabemos movernos\u201d.<\/p>\n\n\n\n<p>En este contexto, el Mandatario ratific\u00f3 al Comando Sur y al Reino Unido que \u201cno podr\u00e1 con nosotros\u201d, porque \u201cnuestro camino es la diplomacia Bolivariana de Paz, de ese camino no nos saca nadie ni nada\u201d.<\/p>\n\n\n\n<p>Insisti\u00f3 en que \u201cpaso a paso vamos a ir logrando conformar un nuevo cuadro para que la reclamaci\u00f3n hist\u00f3rica sea aceptada y Venezuela logre sus objetivos\u201d.<\/p>\n\n\n\n<p>Sobre estos elementos nuevos, que incluye el compromiso de Guyana en abordar el Acuerdo de Ginebra, el presidente Nicol\u00e1s Maduro se\u00f1al\u00f3 que la reuni\u00f3n entre ambos cancilleres se gener\u00f3 a ra\u00edz de los acuerdos sellados en San Vicente y Las Granadinas el 14 de diciembre de 2023. All\u00ed los presidentes de Guyana y Venezuela alcanzaron este acuerdo.<\/p>\n\n\n\n<p>El Jefe de Estado destac\u00f3 como positivo que ya sobre la mesa est\u00e1 el debate de los temas, contexto en el que Venezuela ha fijado una posici\u00f3n muy firme.<\/p>\n\n\n\n<p><strong>Prensa Presidencial \/ Ana\u00eds P\u00e9rez<\/strong><\/p>\n","protected":false},"excerpt":{"rendered":"<p>Palacio de Miraflores, Caracas. \u2013 Luego de que Guyana se comprometiera a abordar el Acuerdo de Ginebra de 1966, tras el encuentro celebrado entre los cancilleres de Venezuela y la naci\u00f3n vecina, el presidente de la Rep\u00fablica Bolivariana de Venezuela, subray\u00f3 este lunes que \u201cpoco a poco tenemos que ir conduciendo este proceso de reclamaci\u00f3n [&hellip;]<\/p>\n","protected":false},"author":1,"featured_media":8624,"comment_status":"open","ping_status":"open","sticky":false,"template":"","format":"standard","meta":{"footnotes":""},"categories":[7],"tags":[],"class_list":["post-8623","post","type-post","status-publish","format-standard","has-post-thumbnail","hentry","category-notas-de-prensa"],"_links":{"self":[{"href":"https:\/\/prensapresidencialvenezuela.gob.ve\/index.php\/wp-json\/wp\/v2\/posts\/8623","targetHints":{"allow":["GET"]}}],"collection":[{"href":"https:\/\/prensapresidencialvenezuela.gob.ve\/index.php\/wp-json\/wp\/v2\/posts"}],"about":[{"href":"https:\/\/prensapresidencialvenezuela.gob.ve\/index.php\/wp-json\/wp\/v2\/types\/post"}],"author":[{"embeddable":true,"href":"https:\/\/prensapresidencialvenezuela.gob.ve\/index.php\/wp-json\/wp\/v2\/users\/1"}],"replies":[{"embeddable":true,"href":"https:\/\/prensapresidencialvenezuela.gob.ve\/index.php\/wp-json\/wp\/v2\/comments?post=8623"}],"version-history":[{"count":1,"href":"https:\/\/prensapresidencialvenezuela.gob.ve\/index.php\/wp-json\/wp\/v2\/posts\/8623\/revisions"}],"predecessor-version":[{"id":8625,"href":"https:\/\/prensapresidencialvenezuela.gob.ve\/index.php\/wp-json\/wp\/v2\/posts\/8623\/revisions\/8625"}],"wp:featuredmedia":[{"embeddable":true,"href":"https:\/\/prensapresidencialvenezuela.gob.ve\/index.php\/wp-json\/wp\/v2\/media\/8624"}],"wp:attachment":[{"href":"https:\/\/prensapresidencialvenezuela.gob.ve\/index.php\/wp-json\/wp\/v2\/media?parent=8623"}],"wp:term":[{"taxonomy":"category","embeddable":true,"href":"https:\/\/prensapresidencialvenezuela.gob.ve\/index.php\/wp-json\/wp\/v2\/categories?post=8623"},{"taxonomy":"post_tag","embeddable":true,"href":"https:\/\/prensapresidencialvenezuela.gob.ve\/index.php\/wp-json\/wp\/v2\/tags?post=8623"}],"curies":[{"name":"wp","href":"https:\/\/api.w.org\/{rel}","templated":true}]}}