{"id":8632,"date":"2024-01-29T17:32:01","date_gmt":"2024-01-29T17:32:01","guid":{"rendered":"http:\/\/172.27.0.121\/?p=8632"},"modified":"2024-04-15T17:34:04","modified_gmt":"2024-04-15T17:34:04","slug":"inicio-el-gran-debate-de-las-7t","status":"publish","type":"post","link":"https:\/\/prensapresidencialvenezuela.gob.ve\/index.php\/2024\/01\/29\/inicio-el-gran-debate-de-las-7t\/","title":{"rendered":"Inici\u00f3 el gran debate de las 7T"},"content":{"rendered":"\n<p><strong>Palacio de Miraflores, Caracas.-<\/strong> \u201cArranc\u00f3 en todo el pa\u00eds el gran debate, la gran consulta, el gran proceso de elaboraci\u00f3n colectiva de las siete transformaciones, las 7T que necesita Venezuela en la f\u00f3rmula 3RNets. 7T rumbo al 2030\u201d.<\/p>\n\n\n\n<p>As\u00ed lo indic\u00f3 el presidente de la Rep\u00fablica Bolivariana de Venezuela, Nicol\u00e1s Maduro Moros, durante la emisi\u00f3n n\u00famero 32 de su programa televisivo <em>Con Maduro +.<\/em><\/p>\n\n\n\n<p>El Jefe de Estado apunt\u00f3 al desarrollo desde las bases de esta nueva din\u00e1mica que necesita el pa\u00eds.<\/p>\n\n\n\n<p>\u201cEs la f\u00f3rmula que vamos construyendo. Nosotros bueno le metemos ingenio, creatividad, debate colectivo, elaboraci\u00f3n social, porque nuestros planes de gobierno, nuestros planes de acci\u00f3n los elabora el pueblo, el gobernar obedeciendo\u201d, se\u00f1al\u00f3.<\/p>\n\n\n\n<p>El gobernador del estado Miranda y coordinador del Congreso de la Nueva \u00c9poca, H\u00e9ctor Rodr\u00edguez, afirm\u00f3 que con apenas dos semanas de discusiones, los avances son significativos.<\/p>\n\n\n\n<p>\u201cSe han dado m\u00e1s de 661 asambleas, &#8211; con la participaci\u00f3n de- m\u00e1s de 323 mil personas (\u2026) todos los dirigentes de los movimientos sociales, de las mujeres, de los campesinos, del sector de los trabajadores, de las trabajadoras, de la juventud, se ha desplegado a escuchar y de verdad que ha sido muy constructiva esta din\u00e1mica porque nos permite ver, sentir, comprender a profundidad lo que el pueblo venezolano aspira en esta nueva etapa\u201d, detall\u00f3 Rodr\u00edguez.<\/p>\n\n\n\n<p>Con la participaci\u00f3n de funcionarios del gobierno nacional, regional, municipal y representantes de los m\u00e1s de 45 movimientos sociales del pa\u00eds, se han realizado visitas a diversas comunidades del pa\u00eds, con papel y l\u00e1piz en mano, para conocer de primera mano los requerimientos m\u00e1s urgentes de cada sector.<\/p>\n\n\n\n<p>\u201cSe han desplegado por el territorio nacional, se han instalado las mesas de la independencia, de la pol\u00edtica, de la econom\u00eda y ellos se han desplegado a sus sitios y espacios naturales\u201d, acot\u00f3.<\/p>\n\n\n\n<p>En este sentido, la representante del sector campesino, Orailen Macarri, destac\u00f3 la propuesta que ya vienen trabajando acerca de una Ley de Agricultura Urbana.<\/p>\n\n\n\n<p>\u201cNosotros estamos impulsando esta ley de agricultura urbana para que sea aprobada Presidente, en este primer trimestre, como uno de esos logros de esta primera l\u00ednea de transformaci\u00f3n econ\u00f3mica\u201d.<\/p>\n\n\n\n<p>Por su parte, la coordinadora nacional de los sectores con discapacidad, Mar\u00eda Vega, destac\u00f3 que han sido visibilizados desde la llegada del Comandante Ch\u00e1vez al poder y que actualmente tienen gran participaci\u00f3n en sus sectores.<\/p>\n\n\n\n<p>\u201cHoy estamos aqu\u00ed participando protag\u00f3nicamente, pudiendo establecer y decir cu\u00e1les son las necesidades como pueblo para que esas pol\u00edticas p\u00fablicas lleguen donde tengan que llegar, para que esos debates se den como se tengan que dar\u201d, recalc\u00f3.<\/p>\n\n\n\n<p>Apunt\u00f3 Vega que han podido conocer que uno de los nudos cr\u00edticos que presenta el sector, es la inserci\u00f3n laboral.<\/p>\n\n\n\n<p>\u201cSi nosotros logramos una verdadera inserci\u00f3n laboral, que es una de las propuestas que hasta el d\u00eda de hoy m\u00e1s se ha repetido (\u2026) ese 5% que se requiere para que una persona con discapacidad tenga un trabajo digno y un trabajo liberador, si nosotros tenemos ese trabajo, vamos a tener una independencia\u201d.<\/p>\n\n\n\n<p>La representante del cap\u00edtulo afrodescendientes, Roraima Guti\u00e9rrez, expuso la importancia del proceso de descolonizaci\u00f3n en esta nueva fase.<\/p>\n\n\n\n<p>\u201cHablamos de c\u00f3mo transformar lo que nosotros hemos aprendido de forma alienada, es decir, descolonizarnos, eso es muy importante, la descolonizaci\u00f3n\u201d.<\/p>\n\n\n\n<p>\u201cNosotros queremos de verdad fortalecer nuestro sistema y nuestro proyecto bolivariano, hay muchas cosas que tenemos nosotros como anti valores que no son parte de nosotros\u201d, afirm\u00f3.<\/p>\n\n\n\n<p><strong>Prensa Presidencial \/ Mar\u00eda Mercedes Noguera<\/strong><\/p>\n","protected":false},"excerpt":{"rendered":"<p>Palacio de Miraflores, Caracas.- \u201cArranc\u00f3 en todo el pa\u00eds el gran debate, la gran consulta, el gran proceso de elaboraci\u00f3n colectiva de las siete transformaciones, las 7T que necesita Venezuela en la f\u00f3rmula 3RNets. 7T rumbo al 2030\u201d. As\u00ed lo indic\u00f3 el presidente de la Rep\u00fablica Bolivariana de Venezuela, Nicol\u00e1s Maduro Moros, durante la emisi\u00f3n [&hellip;]<\/p>\n","protected":false},"author":1,"featured_media":8635,"comment_status":"open","ping_status":"open","sticky":false,"template":"","format":"standard","meta":{"footnotes":""},"categories":[7],"tags":[],"class_list":["post-8632","post","type-post","status-publish","format-standard","has-post-thumbnail","hentry","category-notas-de-prensa"],"_links":{"self":[{"href":"https:\/\/prensapresidencialvenezuela.gob.ve\/index.php\/wp-json\/wp\/v2\/posts\/8632","targetHints":{"allow":["GET"]}}],"collection":[{"href":"https:\/\/prensapresidencialvenezuela.gob.ve\/index.php\/wp-json\/wp\/v2\/posts"}],"about":[{"href":"https:\/\/prensapresidencialvenezuela.gob.ve\/index.php\/wp-json\/wp\/v2\/types\/post"}],"author":[{"embeddable":true,"href":"https:\/\/prensapresidencialvenezuela.gob.ve\/index.php\/wp-json\/wp\/v2\/users\/1"}],"replies":[{"embeddable":true,"href":"https:\/\/prensapresidencialvenezuela.gob.ve\/index.php\/wp-json\/wp\/v2\/comments?post=8632"}],"version-history":[{"count":1,"href":"https:\/\/prensapresidencialvenezuela.gob.ve\/index.php\/wp-json\/wp\/v2\/posts\/8632\/revisions"}],"predecessor-version":[{"id":8634,"href":"https:\/\/prensapresidencialvenezuela.gob.ve\/index.php\/wp-json\/wp\/v2\/posts\/8632\/revisions\/8634"}],"wp:featuredmedia":[{"embeddable":true,"href":"https:\/\/prensapresidencialvenezuela.gob.ve\/index.php\/wp-json\/wp\/v2\/media\/8635"}],"wp:attachment":[{"href":"https:\/\/prensapresidencialvenezuela.gob.ve\/index.php\/wp-json\/wp\/v2\/media?parent=8632"}],"wp:term":[{"taxonomy":"category","embeddable":true,"href":"https:\/\/prensapresidencialvenezuela.gob.ve\/index.php\/wp-json\/wp\/v2\/categories?post=8632"},{"taxonomy":"post_tag","embeddable":true,"href":"https:\/\/prensapresidencialvenezuela.gob.ve\/index.php\/wp-json\/wp\/v2\/tags?post=8632"}],"curies":[{"name":"wp","href":"https:\/\/api.w.org\/{rel}","templated":true}]}}