{"id":8655,"date":"2023-11-18T18:20:00","date_gmt":"2023-11-18T22:20:00","guid":{"rendered":"http:\/\/172.27.0.121\/?p=8655"},"modified":"2024-04-15T14:38:38","modified_gmt":"2024-04-15T18:38:38","slug":"venezuela-y-colombia-entrelazados-por-profundos-vinculos-historicos","status":"publish","type":"post","link":"https:\/\/prensapresidencialvenezuela.gob.ve\/index.php\/2023\/11\/18\/venezuela-y-colombia-entrelazados-por-profundos-vinculos-historicos\/","title":{"rendered":"Venezuela y Colombia entrelazados por profundos v\u00ednculos hist\u00f3ricos"},"content":{"rendered":"\n<p><strong>Palacio de Miraflores, Caracas. \u2013 <\/strong>Entrelazadas por profundos v\u00ednculos hist\u00f3ricos culturales, sociales, econ\u00f3micos y por ser naciones liberadas por un el mismo hombre: Sim\u00f3n Bol\u00edvar, Colombia y Venezuela han asumido sus relaciones como prioridad en el ejercicio de su pol\u00edtica exterior.<\/p>\n\n\n\n<p>La cercan\u00eda geogr\u00e1fica e hist\u00f3rica de ambos pueblos han hecho que sus lazos sean indisolubles, y que lo que ocurra en una de las partes no puede serle indiferente al otro.<\/p>\n\n\n\n<p>En esos v\u00ednculos que la historia ha tejido entre un pa\u00eds y otro, tambi\u00e9n cuentan momentos dif\u00edciles, producto de los visos arrogantes de los anteriores gobiernos de ultraderecha que han pasado por el poder el Colombia, llegando a caer en comportamientos de intromisi\u00f3n en los asuntos internos de Venezuela,<\/p>\n\n\n\n<p>Esta faceta que por fortuna ha cesado, por la parte colombiana, ha dado paso a una actualidad en la que ambas naciones han decidido pasar a una nueva etapa basada en la diplomacia del reconocimiento, di\u00e1logo y respeto.<\/p>\n\n\n\n<p>Tal disposici\u00f3n se afianz\u00f3 con la llegada al poder presidencial de Gustavo Petro en Colombia, uno de los primeros anuncios fue el restablecimiento de las relaciones diplom\u00e1ticas y comerciales entre ambos pa\u00edses.<\/p>\n\n\n\n<p>Las dos naciones han realizado importantes encuentros entre sus presidentes y autoridades de las partes, en funci\u00f3n de que los anuncios y compromisos pol\u00edticos se concreten r\u00e1pidamente, en favor de los dos pueblos.<\/p>\n\n\n\n<p>El 22 de junio los presidentes Gustavo Petro y Nicol\u00e1s Maduro, respectivamente, expresaron la disposici\u00f3n de restablecer la normalidad en la frontera.<\/p>\n\n\n\n<p>Esta voluntad se fortific\u00f3 con agendas de trabajo entre las que destacan planes de paz y seguridad, as\u00ed como la apertura progresiva, econ\u00f3mica y comercial de la frontera.<\/p>\n\n\n\n<p>Es as\u00ed como tras tensiones que en 2019 terminaron con una segunda ruptura de relaciones diplom\u00e1ticas entre Venezuela y Colombia, hoy los dos pa\u00edses comienzan un largo camino para mejorar sus relaciones.<\/p>\n\n\n\n<p>Lo m\u00e1s importante es que las dos naciones tienen el mismo inter\u00e9s: La estabilidad de cada pa\u00eds pasa por mejorar las relaciones entre dos vecinos.<\/p>\n\n\n\n<p><a><\/a>Tanto el presidente Maduro como Petro son conscientes de ello, en una nueva etapa de las relaciones diplom\u00e1ticas, econ\u00f3micas, culturales, pol\u00edticas y comerciales.<\/p>\n\n\n\n<p><strong>Prensa Presidencial \/ Ana\u00eds P\u00e9rez<\/strong><\/p>\n","protected":false},"excerpt":{"rendered":"<p>Palacio de Miraflores, Caracas. \u2013 Entrelazadas por profundos v\u00ednculos hist\u00f3ricos culturales, sociales, econ\u00f3micos y por ser naciones liberadas por un el mismo hombre: Sim\u00f3n Bol\u00edvar, Colombia y Venezuela han asumido sus relaciones como prioridad en el ejercicio de su pol\u00edtica exterior. La cercan\u00eda geogr\u00e1fica e hist\u00f3rica de ambos pueblos han hecho que sus lazos sean [&hellip;]<\/p>\n","protected":false},"author":6,"featured_media":8697,"comment_status":"open","ping_status":"open","sticky":false,"template":"","format":"standard","meta":{"footnotes":""},"categories":[18,7],"tags":[40,30,38,19,27,20],"class_list":["post-8655","post","type-post","status-publish","format-standard","has-post-thumbnail","hentry","category-noticias-principales","category-notas-de-prensa","tag-colombia","tag-destacado","tag-diplomacia-bolivariana-de-paz","tag-nicolas-maduro","tag-revolucion-bolivariana","tag-venezuela"],"_links":{"self":[{"href":"https:\/\/prensapresidencialvenezuela.gob.ve\/index.php\/wp-json\/wp\/v2\/posts\/8655","targetHints":{"allow":["GET"]}}],"collection":[{"href":"https:\/\/prensapresidencialvenezuela.gob.ve\/index.php\/wp-json\/wp\/v2\/posts"}],"about":[{"href":"https:\/\/prensapresidencialvenezuela.gob.ve\/index.php\/wp-json\/wp\/v2\/types\/post"}],"author":[{"embeddable":true,"href":"https:\/\/prensapresidencialvenezuela.gob.ve\/index.php\/wp-json\/wp\/v2\/users\/6"}],"replies":[{"embeddable":true,"href":"https:\/\/prensapresidencialvenezuela.gob.ve\/index.php\/wp-json\/wp\/v2\/comments?post=8655"}],"version-history":[{"count":1,"href":"https:\/\/prensapresidencialvenezuela.gob.ve\/index.php\/wp-json\/wp\/v2\/posts\/8655\/revisions"}],"predecessor-version":[{"id":8699,"href":"https:\/\/prensapresidencialvenezuela.gob.ve\/index.php\/wp-json\/wp\/v2\/posts\/8655\/revisions\/8699"}],"wp:featuredmedia":[{"embeddable":true,"href":"https:\/\/prensapresidencialvenezuela.gob.ve\/index.php\/wp-json\/wp\/v2\/media\/8697"}],"wp:attachment":[{"href":"https:\/\/prensapresidencialvenezuela.gob.ve\/index.php\/wp-json\/wp\/v2\/media?parent=8655"}],"wp:term":[{"taxonomy":"category","embeddable":true,"href":"https:\/\/prensapresidencialvenezuela.gob.ve\/index.php\/wp-json\/wp\/v2\/categories?post=8655"},{"taxonomy":"post_tag","embeddable":true,"href":"https:\/\/prensapresidencialvenezuela.gob.ve\/index.php\/wp-json\/wp\/v2\/tags?post=8655"}],"curies":[{"name":"wp","href":"https:\/\/api.w.org\/{rel}","templated":true}]}}