{"id":8712,"date":"2024-03-06T14:44:00","date_gmt":"2024-03-06T18:44:00","guid":{"rendered":"http:\/\/172.27.0.121\/?p=8712"},"modified":"2024-04-15T14:48:24","modified_gmt":"2024-04-15T18:48:24","slug":"presidente-maduro-designa-a-diosdado-cabello-como-jefe-supremo-del-estado-zulia","status":"publish","type":"post","link":"https:\/\/prensapresidencialvenezuela.gob.ve\/index.php\/2024\/03\/06\/presidente-maduro-designa-a-diosdado-cabello-como-jefe-supremo-del-estado-zulia\/","title":{"rendered":"Presidente Maduro designa a Diosdado Cabello como jefe supremo del estado Zulia"},"content":{"rendered":"\n<p><strong>Palacio de Miraflores, Caracas.-<\/strong> \u201cPara reunificar, reconvocar, reencontrar a todas las corrientes patri\u00f3ticas, revolucionarias, bolivarianas, chavistas, democr\u00e1ticas y honestas del Zulia\u201d, el presidente de la Rep\u00fablica, Nicol\u00e1s Maduro, design\u00f3 un equipo especial en el estado Zulia, liderado por diputado Diosdado Cabello, quien se desempe\u00f1ar\u00e1 como jefe supremo de la entidad.<\/p>\n\n\n\n<p>\u201cLes puse un cuarto bate al frente de un equipo totalmente reestructurado del Zulia, que vaya mucho m\u00e1s all\u00e1 de los partidos y que convoque a todos los movimientos sociales que incluya a todos los partidos, adem\u00e1s de todos los zulianos y zulianas de bien\u201d, fue parte del mensaje que dio a conocer el Jefe de Estado a trav\u00e9s de un audio difundido en su canal de la mensajer\u00eda instant\u00e1nea WhatsApp.<\/p>\n\n\n\n<p>Al respecto, subray\u00f3 la necesidad de \u201cunir al Zulia como nunca antes el Zulia se ha unido, con el tambor, el cuatro y la tambora de la gaita zuliana\u201d.<\/p>\n\n\n\n<p>Finalmente, asegur\u00f3 que el Gobierno Bolivariano avanza paso a paso en la recuperaci\u00f3n estructural de importantes obras del estado Zulia, como la recuperaci\u00f3n del Lago de Maracaibo, \u201cla construcci\u00f3n del m\u00e1s grande parque de Am\u00e9rica Latina, el Parque Ana Mar\u00eda Campo\u201d, as\u00ed como estructuras de educaci\u00f3n universitaria y el fortalecimiento del sistema 1\u00d710 del Buen Gobierno.<\/p>\n\n\n\n<p><strong>Prensa Presidencial \/ Joelin Jim\u00e9nez<\/strong><\/p>\n","protected":false},"excerpt":{"rendered":"<p>Palacio de Miraflores, Caracas.- \u201cPara reunificar, reconvocar, reencontrar a todas las corrientes patri\u00f3ticas, revolucionarias, bolivarianas, chavistas, democr\u00e1ticas y honestas del Zulia\u201d, el presidente de la Rep\u00fablica, Nicol\u00e1s Maduro, design\u00f3 un equipo especial en el estado Zulia, liderado por diputado Diosdado Cabello, quien se desempe\u00f1ar\u00e1 como jefe supremo de la entidad. \u201cLes puse un cuarto bate [&hellip;]<\/p>\n","protected":false},"author":4,"featured_media":8719,"comment_status":"open","ping_status":"open","sticky":false,"template":"","format":"standard","meta":{"footnotes":""},"categories":[18,7],"tags":[],"class_list":["post-8712","post","type-post","status-publish","format-standard","has-post-thumbnail","hentry","category-noticias-principales","category-notas-de-prensa"],"_links":{"self":[{"href":"https:\/\/prensapresidencialvenezuela.gob.ve\/index.php\/wp-json\/wp\/v2\/posts\/8712","targetHints":{"allow":["GET"]}}],"collection":[{"href":"https:\/\/prensapresidencialvenezuela.gob.ve\/index.php\/wp-json\/wp\/v2\/posts"}],"about":[{"href":"https:\/\/prensapresidencialvenezuela.gob.ve\/index.php\/wp-json\/wp\/v2\/types\/post"}],"author":[{"embeddable":true,"href":"https:\/\/prensapresidencialvenezuela.gob.ve\/index.php\/wp-json\/wp\/v2\/users\/4"}],"replies":[{"embeddable":true,"href":"https:\/\/prensapresidencialvenezuela.gob.ve\/index.php\/wp-json\/wp\/v2\/comments?post=8712"}],"version-history":[{"count":1,"href":"https:\/\/prensapresidencialvenezuela.gob.ve\/index.php\/wp-json\/wp\/v2\/posts\/8712\/revisions"}],"predecessor-version":[{"id":8720,"href":"https:\/\/prensapresidencialvenezuela.gob.ve\/index.php\/wp-json\/wp\/v2\/posts\/8712\/revisions\/8720"}],"wp:featuredmedia":[{"embeddable":true,"href":"https:\/\/prensapresidencialvenezuela.gob.ve\/index.php\/wp-json\/wp\/v2\/media\/8719"}],"wp:attachment":[{"href":"https:\/\/prensapresidencialvenezuela.gob.ve\/index.php\/wp-json\/wp\/v2\/media?parent=8712"}],"wp:term":[{"taxonomy":"category","embeddable":true,"href":"https:\/\/prensapresidencialvenezuela.gob.ve\/index.php\/wp-json\/wp\/v2\/categories?post=8712"},{"taxonomy":"post_tag","embeddable":true,"href":"https:\/\/prensapresidencialvenezuela.gob.ve\/index.php\/wp-json\/wp\/v2\/tags?post=8712"}],"curies":[{"name":"wp","href":"https:\/\/api.w.org\/{rel}","templated":true}]}}