{"id":8727,"date":"2024-02-04T14:50:38","date_gmt":"2024-02-04T18:50:38","guid":{"rendered":"http:\/\/172.27.0.121\/?p=8727"},"modified":"2024-04-15T14:52:01","modified_gmt":"2024-04-15T18:52:01","slug":"pueblo-celebra-la-revolucion-de-la-dignidad-en-las-calles-de-caracas","status":"publish","type":"post","link":"https:\/\/prensapresidencialvenezuela.gob.ve\/index.php\/2024\/02\/04\/pueblo-celebra-la-revolucion-de-la-dignidad-en-las-calles-de-caracas\/","title":{"rendered":"Pueblo celebra la Revoluci\u00f3n de la dignidad en las calles de Caracas"},"content":{"rendered":"\n<p><strong>Palacio de Miraflores, Caracas.-<\/strong> Para Angeli Rivero, el 4 de febrero de 1992 algo cambiaba para siempre, lo vio en el sentir de su abuela quien en ese momento ve\u00eda la transmisi\u00f3n televisiva del Comandante Hugo Ch\u00e1vez, que dejaba la expectativa abierta de un \u201cPor Ahora\u201d.<\/p>\n\n\n\n<p>32 a\u00f1os despu\u00e9s, Angeli forma parte de la nueva generaci\u00f3n que construye el Proyecto Bolivariano y que sigue fielmente el camino que dej\u00f3 el gigante latinoamericano.<\/p>\n\n\n\n<p>\u201cYo estoy aqu\u00ed porque es el legado de Ch\u00e1vez (\u2026) Ahora es el pueblo el que gobierna\u201d, afirm\u00f3.<\/p>\n\n\n\n<p>La marea roja camina nuevamente por las calles, en una jornada denominada Gran Caravana Nacional de la Furia Bolivariana \u201cRebeli\u00f3n Antiimperialista de la Juventud Militar Bolivariana\u201d para conmemorar 32 a\u00f1os del D\u00eda de la Dignidad Nacional, con gran colorido, alegr\u00eda y esperanza celebran el \u201cd\u00eda insigne cuando el pueblo junto al Comandante Ch\u00e1vez, quien nos movi\u00f3 el piso y nos dio el poder (\u2026) ahora seguimos esa ruta apoyando al presidente Nicol\u00e1s Maduro\u201d, resalt\u00f3, Yorlis Beltr\u00e1n, quien acompa\u00f1a esta movilizaci\u00f3n en la ciudad de Caracas.<\/p>\n\n\n\n<p>Con el mismo \u00edmpetu de los libertadores, j\u00f3venes, hombres, mujeres, adultos mayores y ni\u00f1os, defienden la marcha incesante de los logros que ha levantado la Revoluci\u00f3n.<\/p>\n\n\n\n<p>Una fecha que divide en dos partes la vida hist\u00f3rico &#8211; pol\u00edtico &#8211; social de Venezuela, cuando el Comandante Ch\u00e1vez se rebela contra la hegemon\u00eda de los apellidos que por a\u00f1os dirigieron al pa\u00eds, bajo el concepto de una democracia representativa, que dej\u00f3 siempre a un lado la voz del pueblo y acogi\u00f3 las transas con el imperio para hipotecar al pa\u00eds.<\/p>\n\n\n\n<p>A partir de ah\u00ed surgi\u00f3 un poderoso movimiento que agit\u00f3 las ganas de participaci\u00f3n de la gente m\u00e1s humilde en los grandes procesos de edificaci\u00f3n de una nueva sociedad, donde se consolid\u00f3 la uni\u00f3n \u2013 c\u00edvico \u2013 militar \u2013 policial.<\/p>\n\n\n\n<p>Esta larga ruta de supervivencia que ha tenido que sortear la Revoluci\u00f3n, ha estado repleta de obst\u00e1culos, violencia, sanciones y bloqueos por parte de la derecha que quiere volver al poder, para retomar el camino antisoberano; pero la resiliencia popular y su amor por la Patria de Bol\u00edvar se los impide y una vez m\u00e1s les deja claro que \u00a1No volver\u00e1n!.<\/p>\n\n\n\n<p>\u201cNo solamente a respaldar el proceso Bolivariano, vamos a seguir fortaleciendo la bandera de la juventud y de la mujer (\u2026) Nos ponemos al frente con usted presidente, Nicol\u00e1s Maduro, para seguir levantando nuestras banderas\u201d, sentenci\u00f3 Yureidi Ribas joven que integra la movilizaci\u00f3n.<\/p>\n\n\n\n<p>La marcha parti\u00f3 desde varios puntos del pa\u00eds. En Caracas desde la Compa\u00f1\u00eda An\u00f3nima Nacional Tel\u00e9fonos de Venezuela (CANTV) y desde la emblem\u00e1tica parroquia 23 de Enero, hasta llegar al Palacio de Miraflores, donde es recibida por el jefe de Estado, Nicol\u00e1s Maduro Moros.<\/p>\n\n\n\n<p><strong>Prensa Presidencial \/ Mar\u00eda Mercedes Noguera<\/strong><\/p>\n","protected":false},"excerpt":{"rendered":"<p>Palacio de Miraflores, Caracas.- Para Angeli Rivero, el 4 de febrero de 1992 algo cambiaba para siempre, lo vio en el sentir de su abuela quien en ese momento ve\u00eda la transmisi\u00f3n televisiva del Comandante Hugo Ch\u00e1vez, que dejaba la expectativa abierta de un \u201cPor Ahora\u201d. 32 a\u00f1os despu\u00e9s, Angeli forma parte de la nueva [&hellip;]<\/p>\n","protected":false},"author":1,"featured_media":8729,"comment_status":"open","ping_status":"open","sticky":false,"template":"","format":"standard","meta":{"footnotes":""},"categories":[7],"tags":[],"class_list":["post-8727","post","type-post","status-publish","format-standard","has-post-thumbnail","hentry","category-notas-de-prensa"],"_links":{"self":[{"href":"https:\/\/prensapresidencialvenezuela.gob.ve\/index.php\/wp-json\/wp\/v2\/posts\/8727","targetHints":{"allow":["GET"]}}],"collection":[{"href":"https:\/\/prensapresidencialvenezuela.gob.ve\/index.php\/wp-json\/wp\/v2\/posts"}],"about":[{"href":"https:\/\/prensapresidencialvenezuela.gob.ve\/index.php\/wp-json\/wp\/v2\/types\/post"}],"author":[{"embeddable":true,"href":"https:\/\/prensapresidencialvenezuela.gob.ve\/index.php\/wp-json\/wp\/v2\/users\/1"}],"replies":[{"embeddable":true,"href":"https:\/\/prensapresidencialvenezuela.gob.ve\/index.php\/wp-json\/wp\/v2\/comments?post=8727"}],"version-history":[{"count":1,"href":"https:\/\/prensapresidencialvenezuela.gob.ve\/index.php\/wp-json\/wp\/v2\/posts\/8727\/revisions"}],"predecessor-version":[{"id":8730,"href":"https:\/\/prensapresidencialvenezuela.gob.ve\/index.php\/wp-json\/wp\/v2\/posts\/8727\/revisions\/8730"}],"wp:featuredmedia":[{"embeddable":true,"href":"https:\/\/prensapresidencialvenezuela.gob.ve\/index.php\/wp-json\/wp\/v2\/media\/8729"}],"wp:attachment":[{"href":"https:\/\/prensapresidencialvenezuela.gob.ve\/index.php\/wp-json\/wp\/v2\/media?parent=8727"}],"wp:term":[{"taxonomy":"category","embeddable":true,"href":"https:\/\/prensapresidencialvenezuela.gob.ve\/index.php\/wp-json\/wp\/v2\/categories?post=8727"},{"taxonomy":"post_tag","embeddable":true,"href":"https:\/\/prensapresidencialvenezuela.gob.ve\/index.php\/wp-json\/wp\/v2\/tags?post=8727"}],"curies":[{"name":"wp","href":"https:\/\/api.w.org\/{rel}","templated":true}]}}