{"id":8736,"date":"2024-02-04T14:53:37","date_gmt":"2024-02-04T18:53:37","guid":{"rendered":"http:\/\/172.27.0.121\/?p=8736"},"modified":"2024-04-15T14:54:39","modified_gmt":"2024-04-15T18:54:39","slug":"presidente-al-pueblo-tenemos-que-estar-preparados-para-hacernos-respetar-en-las-calles","status":"publish","type":"post","link":"https:\/\/prensapresidencialvenezuela.gob.ve\/index.php\/2024\/02\/04\/presidente-al-pueblo-tenemos-que-estar-preparados-para-hacernos-respetar-en-las-calles\/","title":{"rendered":"Presidente al pueblo: tenemos que estar preparados para hacernos respetar en las calles"},"content":{"rendered":"\n<p><strong>Palacio de Miraflores, Caracas.- <\/strong>A los sectores extremistas \u201clos mueve el odio, la ambici\u00f3n desmedida, el esp\u00edritu de venganza\u201d y ante ello la Revoluci\u00f3n Bolivariana debe estar preparada \u201cpara hacernos respetar en las calles, con el pueblo, con uni\u00f3n c\u00edvico-militar\u201d.<\/p>\n\n\n\n<p>La afirmaci\u00f3n pertenece al presidente de la Rep\u00fablica, Nicol\u00e1s Maduro, quien reiter\u00f3 que \u201cya es tiempo que \u2013la ultraderecha- vaya aprendiendo a respetar\u201d y cesen las maniobras para atentar contra la estabilidad nacional.<\/p>\n\n\n\n<p>\u201cNosotros trabajamos preparados para cualquier sorpresa, para cualquier invento. Siempre le digo al pueblo \u2013y nos ha ido bien- frente a cualquier circunstancia: \u00a1Calma y cordura! \u00a1Nervios de acero! \u00a1M\u00e1xima uni\u00f3n y movilizaci\u00f3n c\u00edvico-militar!\u201d, sentenci\u00f3 al intervenir en la movilizaci\u00f3n denominada Caravana de la Furia Bolivariana, que finaliz\u00f3 en el Palacio de Miraflores, ubicado en Caracas.<\/p>\n\n\n\n<p>En este sentido, el Jefe de Estado dirigi\u00f3 su mensaje a los dirigentes que, hist\u00f3ricamente, han estado incursos en conspiraciones contra la paz nacional al aseverar que \u201cel equipo gana y vamos a ganar por las buenas o por las malas\u201d.<\/p>\n\n\n\n<p>\u201cEs contigo (Leopoldo) L\u00f3pez, es contigo (Henrique) Capriles, es contigo (Mar\u00eda) Machado, es contigo (Antonio) Ledezma, es contigo (Juan) Guaid\u00f3: respeten que, ante cualquier invento, el pueblo a la calla a defender la paz, a triunfar por el camino de la paz\u201d, puntualiz\u00f3 al recalcar que \u201cde este lado siempre, el equipo gana y vamos a ganar\u201d.<\/p>\n\n\n\n<p>Enfatiz\u00f3 que \u201chay que ser perseverantes, insistentes porque este es el camino de la Patria, el camino de Hugo Ch\u00e1vez\u201d y, en esta l\u00ednea, los esfuerzos deben estar encaminados a la recuperaci\u00f3n integral del Estado de Bienestar.<\/p>\n\n\n\n<p>\u201cNo hay que dormirse en los laureles. Hay que perseverar en el camino de la recuperaci\u00f3n integral de Venezuela, hay que defender el derecho a la paz, a la tranquilidad, al trabajo para poder seguir transitando el camino nuestro de construir un modelo econ\u00f3mico nuevo, no dependiente, que satisfaga las necesidades del pueblo y genere riquezas para recuperar el Estado de Bienestar Social\u201d, apunt\u00f3.<\/p>\n\n\n\n<p><strong>Prensa Presidencial \/ Karelis Gonz\u00e1lez<\/strong><\/p>\n","protected":false},"excerpt":{"rendered":"<p>Palacio de Miraflores, Caracas.- A los sectores extremistas \u201clos mueve el odio, la ambici\u00f3n desmedida, el esp\u00edritu de venganza\u201d y ante ello la Revoluci\u00f3n Bolivariana debe estar preparada \u201cpara hacernos respetar en las calles, con el pueblo, con uni\u00f3n c\u00edvico-militar\u201d. La afirmaci\u00f3n pertenece al presidente de la Rep\u00fablica, Nicol\u00e1s Maduro, quien reiter\u00f3 que \u201cya es [&hellip;]<\/p>\n","protected":false},"author":1,"featured_media":8737,"comment_status":"open","ping_status":"open","sticky":false,"template":"","format":"standard","meta":{"footnotes":""},"categories":[7],"tags":[],"class_list":["post-8736","post","type-post","status-publish","format-standard","has-post-thumbnail","hentry","category-notas-de-prensa"],"_links":{"self":[{"href":"https:\/\/prensapresidencialvenezuela.gob.ve\/index.php\/wp-json\/wp\/v2\/posts\/8736","targetHints":{"allow":["GET"]}}],"collection":[{"href":"https:\/\/prensapresidencialvenezuela.gob.ve\/index.php\/wp-json\/wp\/v2\/posts"}],"about":[{"href":"https:\/\/prensapresidencialvenezuela.gob.ve\/index.php\/wp-json\/wp\/v2\/types\/post"}],"author":[{"embeddable":true,"href":"https:\/\/prensapresidencialvenezuela.gob.ve\/index.php\/wp-json\/wp\/v2\/users\/1"}],"replies":[{"embeddable":true,"href":"https:\/\/prensapresidencialvenezuela.gob.ve\/index.php\/wp-json\/wp\/v2\/comments?post=8736"}],"version-history":[{"count":1,"href":"https:\/\/prensapresidencialvenezuela.gob.ve\/index.php\/wp-json\/wp\/v2\/posts\/8736\/revisions"}],"predecessor-version":[{"id":8738,"href":"https:\/\/prensapresidencialvenezuela.gob.ve\/index.php\/wp-json\/wp\/v2\/posts\/8736\/revisions\/8738"}],"wp:featuredmedia":[{"embeddable":true,"href":"https:\/\/prensapresidencialvenezuela.gob.ve\/index.php\/wp-json\/wp\/v2\/media\/8737"}],"wp:attachment":[{"href":"https:\/\/prensapresidencialvenezuela.gob.ve\/index.php\/wp-json\/wp\/v2\/media?parent=8736"}],"wp:term":[{"taxonomy":"category","embeddable":true,"href":"https:\/\/prensapresidencialvenezuela.gob.ve\/index.php\/wp-json\/wp\/v2\/categories?post=8736"},{"taxonomy":"post_tag","embeddable":true,"href":"https:\/\/prensapresidencialvenezuela.gob.ve\/index.php\/wp-json\/wp\/v2\/tags?post=8736"}],"curies":[{"name":"wp","href":"https:\/\/api.w.org\/{rel}","templated":true}]}}