{"id":8744,"date":"2024-02-05T14:56:35","date_gmt":"2024-02-05T18:56:35","guid":{"rendered":"http:\/\/172.27.0.121\/?p=8744"},"modified":"2024-04-15T15:00:04","modified_gmt":"2024-04-15T19:00:04","slug":"presidente-maduro-dirige-reunion-de-trabajo-con-gobernadores-y-ministros-de-la-revolucion","status":"publish","type":"post","link":"https:\/\/prensapresidencialvenezuela.gob.ve\/index.php\/2024\/02\/05\/presidente-maduro-dirige-reunion-de-trabajo-con-gobernadores-y-ministros-de-la-revolucion\/","title":{"rendered":"Presidente Maduro dirige reuni\u00f3n de trabajo con Gobernadores y Ministros de la Revoluci\u00f3n"},"content":{"rendered":"\n<p><\/p>\n\n\n\n<p><strong>Palacio de Miraflores, Caracas.- <\/strong>Este lunes, el presidente de la Rep\u00fablica, Nicol\u00e1s Maduro Moros, sostiene una reuni\u00f3n de trabajo con Gobernadores y Ministros de la Revoluci\u00f3n, con el objetivo de abordar distintos temas de las \u00e1reas estrat\u00e9gicas para el pa\u00eds.<\/p>\n\n\n\n<p>Desde el Palacio de Miraflores, ubicado en Caracas, el encuentro es propicio para debatir y profundizar la elaboraci\u00f3n de las Siete Transformaciones (7T) rumbo al 2030, as\u00ed como su ejecuci\u00f3n, adem\u00e1s de los avances de los distintos programas sociales y econ\u00f3micos que apuntan a garantizar el estado de bienestar al pueblo venezolano.<\/p>\n\n\n\n<p>En d\u00edas pasados, el Jefe de Estado ha llamado a los sectores pol\u00edticos del pa\u00eds a profundizar y planificar, desde las catacumbas, el estudio y an\u00e1lisis de la 7T, con el prop\u00f3sito de avanzar en el fortalecimiento del nuevo modelo econ\u00f3mico, garantizar la paz y defensa de la soberan\u00eda nacional ante las pretensiones de la ultraderecha.<\/p>\n\n\n\n<p>Igualmente, insisti\u00f3 en impulsar una \u201cgran operaci\u00f3n de debate colectivo\u201d hacia la profundizaci\u00f3n de las 7T \u201ccon la palabra y la propuesta de la sabidur\u00eda del pueblo\u201d, asever\u00f3 el Dignatario el pasado domingo 04 de febrero desde el acto en conmemoraci\u00f3n del 32 aniversario de la rebeli\u00f3n militar de 1992 y D\u00eda de la Dignidad Nacional.<\/p>\n\n\n\n<p>Acompa\u00f1an al nacional, Cilia Flores, primera combatiente y diputada a la Asamblea Nacional (AN), Diosdado Cabello, vicepresidente del Partido Socialista Unido de Venezuela (PSUV), Delcy Rodr\u00edguez, vicepresidenta Ejecutiva, Vicepresidentes Sectoriales de Gobierno, Gobernadores y Alcaldes, entre otras autoridades.<\/p>\n\n\n\n<p><strong>Prensa Presidencial \/ Joelin Jim\u00e9nez<\/strong><\/p>\n","protected":false},"excerpt":{"rendered":"<p>Palacio de Miraflores, Caracas.- Este lunes, el presidente de la Rep\u00fablica, Nicol\u00e1s Maduro Moros, sostiene una reuni\u00f3n de trabajo con Gobernadores y Ministros de la Revoluci\u00f3n, con el objetivo de abordar distintos temas de las \u00e1reas estrat\u00e9gicas para el pa\u00eds. Desde el Palacio de Miraflores, ubicado en Caracas, el encuentro es propicio para debatir y [&hellip;]<\/p>\n","protected":false},"author":1,"featured_media":8745,"comment_status":"open","ping_status":"open","sticky":false,"template":"","format":"standard","meta":{"footnotes":""},"categories":[7],"tags":[],"class_list":["post-8744","post","type-post","status-publish","format-standard","has-post-thumbnail","hentry","category-notas-de-prensa"],"_links":{"self":[{"href":"https:\/\/prensapresidencialvenezuela.gob.ve\/index.php\/wp-json\/wp\/v2\/posts\/8744","targetHints":{"allow":["GET"]}}],"collection":[{"href":"https:\/\/prensapresidencialvenezuela.gob.ve\/index.php\/wp-json\/wp\/v2\/posts"}],"about":[{"href":"https:\/\/prensapresidencialvenezuela.gob.ve\/index.php\/wp-json\/wp\/v2\/types\/post"}],"author":[{"embeddable":true,"href":"https:\/\/prensapresidencialvenezuela.gob.ve\/index.php\/wp-json\/wp\/v2\/users\/1"}],"replies":[{"embeddable":true,"href":"https:\/\/prensapresidencialvenezuela.gob.ve\/index.php\/wp-json\/wp\/v2\/comments?post=8744"}],"version-history":[{"count":1,"href":"https:\/\/prensapresidencialvenezuela.gob.ve\/index.php\/wp-json\/wp\/v2\/posts\/8744\/revisions"}],"predecessor-version":[{"id":8746,"href":"https:\/\/prensapresidencialvenezuela.gob.ve\/index.php\/wp-json\/wp\/v2\/posts\/8744\/revisions\/8746"}],"wp:featuredmedia":[{"embeddable":true,"href":"https:\/\/prensapresidencialvenezuela.gob.ve\/index.php\/wp-json\/wp\/v2\/media\/8745"}],"wp:attachment":[{"href":"https:\/\/prensapresidencialvenezuela.gob.ve\/index.php\/wp-json\/wp\/v2\/media?parent=8744"}],"wp:term":[{"taxonomy":"category","embeddable":true,"href":"https:\/\/prensapresidencialvenezuela.gob.ve\/index.php\/wp-json\/wp\/v2\/categories?post=8744"},{"taxonomy":"post_tag","embeddable":true,"href":"https:\/\/prensapresidencialvenezuela.gob.ve\/index.php\/wp-json\/wp\/v2\/tags?post=8744"}],"curies":[{"name":"wp","href":"https:\/\/api.w.org\/{rel}","templated":true}]}}