{"id":8748,"date":"2024-02-05T15:00:32","date_gmt":"2024-02-05T19:00:32","guid":{"rendered":"http:\/\/172.27.0.121\/?p=8748"},"modified":"2024-04-15T15:03:37","modified_gmt":"2024-04-15T19:03:37","slug":"juramentados-nuevos-ministros-con-la-mision-de-trabajar-obedeciendo-al-pueblo","status":"publish","type":"post","link":"https:\/\/prensapresidencialvenezuela.gob.ve\/index.php\/2024\/02\/05\/juramentados-nuevos-ministros-con-la-mision-de-trabajar-obedeciendo-al-pueblo\/","title":{"rendered":"Juramentados nuevos ministros con la misi\u00f3n de trabajar obedeciendo al pueblo"},"content":{"rendered":"\n<p><\/p>\n\n\n\n<p><strong>Palacio de Miraflores, Caracas.- <\/strong>Con la tarea prioritaria de escuchar y obedecer al pueblo, el presidente de la Rep\u00fablica, Nicol\u00e1s Maduro, jurament\u00f3 este lunes a los ministros que se incorporan a la gesti\u00f3n gubernamental desde las carteras de Mujer e Igualdad de G\u00e9nero, Comunas y Movimientos Sociales, Proceso Social del Trabajo y Comercio Nacional.<\/p>\n\n\n\n<p>Durante el programa <em>Con Maduro+<\/em>, transmitido a trav\u00e9s de Venezolana de Televisi\u00f3n (VTV), reiter\u00f3 que \u2013desde las responsabilidades que les han sido designadas- deben mantener una estrecha relaci\u00f3n con el Poder Popular, \u201cacercarse a profundidad a las comunidades, escuchar al pueblo, gobernar obedeciendo al pueblo y renovando todo lo que haya que renovar y mejorando la vida de nuestro pueblo\u201d.<\/p>\n\n\n\n<p>En este sentido, instruy\u00f3 a los titulares de Mujer e Igualdad de G\u00e9nero, Dheliz \u00c1lvarez; de Comunas y Movimientos Sociales, Guy Vernaez; de Proceso Social de Trabajo, Alexis Corredor; y de Comercio Nacional, Luis Antonio Villegas a sumar esfuerzos para avanzar en la recuperaci\u00f3n del Estado de Bienestar Social, apegados a la Constituci\u00f3n de la Rep\u00fablica Bolivariana de Venezuela y en cumplimiento pleno del Proyecto Nacional Sim\u00f3n Bol\u00edvar.<\/p>\n\n\n\n<p>El nombramiento que realizara el Jefe de Estado el s\u00e1bado 3 de febrero, se inscribe en las acciones adelantadas en el contexto de las Siete Transformaciones (7T) que trazan una hoja de ruta para apalancar el desarrollo nacional de cara al a\u00f1o 2030.<\/p>\n\n\n\n<p><strong>Prensa Presidencial \/ Karelis Gonz\u00e1lez<\/strong><\/p>\n","protected":false},"excerpt":{"rendered":"<p>Palacio de Miraflores, Caracas.- Con la tarea prioritaria de escuchar y obedecer al pueblo, el presidente de la Rep\u00fablica, Nicol\u00e1s Maduro, jurament\u00f3 este lunes a los ministros que se incorporan a la gesti\u00f3n gubernamental desde las carteras de Mujer e Igualdad de G\u00e9nero, Comunas y Movimientos Sociales, Proceso Social del Trabajo y Comercio Nacional. Durante [&hellip;]<\/p>\n","protected":false},"author":1,"featured_media":8753,"comment_status":"open","ping_status":"open","sticky":false,"template":"","format":"standard","meta":{"footnotes":""},"categories":[1],"tags":[],"class_list":["post-8748","post","type-post","status-publish","format-standard","has-post-thumbnail","hentry","category-sin-categoria"],"_links":{"self":[{"href":"https:\/\/prensapresidencialvenezuela.gob.ve\/index.php\/wp-json\/wp\/v2\/posts\/8748","targetHints":{"allow":["GET"]}}],"collection":[{"href":"https:\/\/prensapresidencialvenezuela.gob.ve\/index.php\/wp-json\/wp\/v2\/posts"}],"about":[{"href":"https:\/\/prensapresidencialvenezuela.gob.ve\/index.php\/wp-json\/wp\/v2\/types\/post"}],"author":[{"embeddable":true,"href":"https:\/\/prensapresidencialvenezuela.gob.ve\/index.php\/wp-json\/wp\/v2\/users\/1"}],"replies":[{"embeddable":true,"href":"https:\/\/prensapresidencialvenezuela.gob.ve\/index.php\/wp-json\/wp\/v2\/comments?post=8748"}],"version-history":[{"count":1,"href":"https:\/\/prensapresidencialvenezuela.gob.ve\/index.php\/wp-json\/wp\/v2\/posts\/8748\/revisions"}],"predecessor-version":[{"id":8754,"href":"https:\/\/prensapresidencialvenezuela.gob.ve\/index.php\/wp-json\/wp\/v2\/posts\/8748\/revisions\/8754"}],"wp:featuredmedia":[{"embeddable":true,"href":"https:\/\/prensapresidencialvenezuela.gob.ve\/index.php\/wp-json\/wp\/v2\/media\/8753"}],"wp:attachment":[{"href":"https:\/\/prensapresidencialvenezuela.gob.ve\/index.php\/wp-json\/wp\/v2\/media?parent=8748"}],"wp:term":[{"taxonomy":"category","embeddable":true,"href":"https:\/\/prensapresidencialvenezuela.gob.ve\/index.php\/wp-json\/wp\/v2\/categories?post=8748"},{"taxonomy":"post_tag","embeddable":true,"href":"https:\/\/prensapresidencialvenezuela.gob.ve\/index.php\/wp-json\/wp\/v2\/tags?post=8748"}],"curies":[{"name":"wp","href":"https:\/\/api.w.org\/{rel}","templated":true}]}}