{"id":8749,"date":"2024-03-06T15:01:00","date_gmt":"2024-03-06T19:01:00","guid":{"rendered":"http:\/\/172.27.0.121\/?p=8749"},"modified":"2024-04-15T15:02:25","modified_gmt":"2024-04-15T19:02:25","slug":"incorporan-a-20-mil-nuevos-pastores-y-pastoras-al-sistema-de-proteccion-social","status":"publish","type":"post","link":"https:\/\/prensapresidencialvenezuela.gob.ve\/index.php\/2024\/03\/06\/incorporan-a-20-mil-nuevos-pastores-y-pastoras-al-sistema-de-proteccion-social\/","title":{"rendered":"Incorporan a 20 mil nuevos pastores y pastoras al sistema de protecci\u00f3n social"},"content":{"rendered":"\n<p><strong>Puerto Cabello, estado Carabobo.-<\/strong> Un total de 20 mil nuevos pastores y pastoras de Venezuela, fueron incorporados al Bono El Buen Pastor, que entrega el Gobierno Bolivariano a trav\u00e9s del Sistema Patria.<\/p>\n\n\n\n<p>El anuncio lo hizo el presidente de la Rep\u00fablica, Nicol\u00e1s Maduro, durante un encuentro con m\u00e1s de 17 mil pastores y pastoras de las iglesias cristianas del pa\u00eds, realizado este martes en la ciudad de Puerto Cabello, estado Carabobo.<\/p>\n\n\n\n<p>\u201cMe proponen incorporar a veinte mil pastores nuevos. Apruebo la incorporaci\u00f3n de los veinte mil nuevos pastores, a los veinte mil que ya participan, que la semilla se multiplique\u201d, anunci\u00f3 el Mandatario nacional ante una solicitud hecha por los representantes de la iglesia cristiana.<\/p>\n\n\n\n<p>Igualmente, el Presidente aprob\u00f3 la agenda nacional de la iglesia para Semana Santa, donde se contemplan actividades como congregaciones en las Plazas Bol\u00edvar del pa\u00eds, para compartir la palabra de Cristo; un ayuno nacional para el d\u00eda S\u00e1bado de Gloria y el Domingo de Resurrecci\u00f3n, realizar la actividad denominada: La Cena del Se\u00f1or.<\/p>\n\n\n\n<p>\u201cEstoy de acuerdo con esta agenda que ustedes han fijado, toda la agenda que ustedes han fijado y me han propuesto, puedo decir que est\u00e1 aprobada viernes, s\u00e1bado y domingo Santo, las siete palabras del se\u00f1or en las Plazas Bol\u00edvar, aprobado. S\u00e1bado, ayuno nacional, S\u00e1bado de Gloria, en iglesias, templos y puntos de concentraci\u00f3n. Domingo 31, la cena del se\u00f1or, santa cena en los templos del pa\u00eds. Y en alguna me aparecer\u00e9 para esa cena todo el apoyo\u201d, recalc\u00f3.<\/p>\n\n\n\n<p><strong>Prensa Presidencial \/ Rosiris Ortega Ortiz<\/strong><\/p>\n","protected":false},"excerpt":{"rendered":"<p>Puerto Cabello, estado Carabobo.- Un total de 20 mil nuevos pastores y pastoras de Venezuela, fueron incorporados al Bono El Buen Pastor, que entrega el Gobierno Bolivariano a trav\u00e9s del Sistema Patria. El anuncio lo hizo el presidente de la Rep\u00fablica, Nicol\u00e1s Maduro, durante un encuentro con m\u00e1s de 17 mil pastores y pastoras de [&hellip;]<\/p>\n","protected":false},"author":4,"featured_media":8750,"comment_status":"open","ping_status":"open","sticky":false,"template":"","format":"standard","meta":{"footnotes":""},"categories":[18,7],"tags":[],"class_list":["post-8749","post","type-post","status-publish","format-standard","has-post-thumbnail","hentry","category-noticias-principales","category-notas-de-prensa"],"_links":{"self":[{"href":"https:\/\/prensapresidencialvenezuela.gob.ve\/index.php\/wp-json\/wp\/v2\/posts\/8749","targetHints":{"allow":["GET"]}}],"collection":[{"href":"https:\/\/prensapresidencialvenezuela.gob.ve\/index.php\/wp-json\/wp\/v2\/posts"}],"about":[{"href":"https:\/\/prensapresidencialvenezuela.gob.ve\/index.php\/wp-json\/wp\/v2\/types\/post"}],"author":[{"embeddable":true,"href":"https:\/\/prensapresidencialvenezuela.gob.ve\/index.php\/wp-json\/wp\/v2\/users\/4"}],"replies":[{"embeddable":true,"href":"https:\/\/prensapresidencialvenezuela.gob.ve\/index.php\/wp-json\/wp\/v2\/comments?post=8749"}],"version-history":[{"count":1,"href":"https:\/\/prensapresidencialvenezuela.gob.ve\/index.php\/wp-json\/wp\/v2\/posts\/8749\/revisions"}],"predecessor-version":[{"id":8751,"href":"https:\/\/prensapresidencialvenezuela.gob.ve\/index.php\/wp-json\/wp\/v2\/posts\/8749\/revisions\/8751"}],"wp:featuredmedia":[{"embeddable":true,"href":"https:\/\/prensapresidencialvenezuela.gob.ve\/index.php\/wp-json\/wp\/v2\/media\/8750"}],"wp:attachment":[{"href":"https:\/\/prensapresidencialvenezuela.gob.ve\/index.php\/wp-json\/wp\/v2\/media?parent=8749"}],"wp:term":[{"taxonomy":"category","embeddable":true,"href":"https:\/\/prensapresidencialvenezuela.gob.ve\/index.php\/wp-json\/wp\/v2\/categories?post=8749"},{"taxonomy":"post_tag","embeddable":true,"href":"https:\/\/prensapresidencialvenezuela.gob.ve\/index.php\/wp-json\/wp\/v2\/tags?post=8749"}],"curies":[{"name":"wp","href":"https:\/\/api.w.org\/{rel}","templated":true}]}}