{"id":8761,"date":"2024-02-05T15:05:34","date_gmt":"2024-02-05T19:05:34","guid":{"rendered":"http:\/\/172.27.0.121\/?p=8761"},"modified":"2024-04-15T15:08:01","modified_gmt":"2024-04-15T19:08:01","slug":"a-traves-de-un-seminario-debatiran-influencia-de-las-redes-sociales-en-la-juventud","status":"publish","type":"post","link":"https:\/\/prensapresidencialvenezuela.gob.ve\/index.php\/2024\/02\/05\/a-traves-de-un-seminario-debatiran-influencia-de-las-redes-sociales-en-la-juventud\/","title":{"rendered":"A trav\u00e9s de un seminario, debatir\u00e1n influencia de las redes sociales en la juventud"},"content":{"rendered":"\n<p><strong>Palacio de Miraflores, Caracas.- <\/strong>En una estrategia que convoca la participaci\u00f3n de especialistas y organizaciones sociales, pr\u00f3ximamente se establecer\u00e1 una mesa de trabajo \u2013de car\u00e1cter incluyente- sobre la influencia de las redes sociales en la juventud.<\/p>\n\n\n\n<p>El anuncio lo realiz\u00f3 el presidente de la Rep\u00fablica, Nicol\u00e1s Maduro, quien puntualiz\u00f3 que el mecanismo de di\u00e1logo derivar\u00e1 en un seminario \u2013con jornadas de dos o tres d\u00edas- para trazar acciones concretas para proteger a los j\u00f3venes de contenidos inapropiados (ciberacoso o violencia) en redes sociales.<\/p>\n\n\n\n<p>\u201cYo vengo alert\u00e1ndolo hace a\u00f1os\u201d, enfatiz\u00f3 al referir los pronunciamientos expuestos durante la comparecencia ante el Senado de Estados Unidos de los jefes de Meta (Facebook, Instagram), X, TikTok, Discord y Snap sobre la protecci\u00f3n de los ni\u00f1os en internet. Al respecto, se les acus\u00f3 de no hacer lo suficiente para limitar los riesgos de estas plataformas, como depredadores sexuales, prevenci\u00f3n de autolesiones o suicidios en adolescentes.<\/p>\n\n\n\n<p>\u201cNo lo dice Maduro, lo dicen los senadores del Congreso de Estados Unidos, lo dicen los padres, las madres de ni\u00f1os afectados de manera letal en la sociedad estadounidense\u201d, indic\u00f3 al se\u00f1alar que el uso de redes sociales puede generar dependencia y \u201cpicos emocionales: indignaci\u00f3n, decepci\u00f3n, tristeza, depresi\u00f3n, malestar o conductas extra\u00f1as para influir o propiciar el consumo de cosas.\u201d.<\/p>\n\n\n\n<p>En este sentido, el psic\u00f3logo social Fernando Giuliani subray\u00f3 que, precisamente, dentro de las operaciones psicol\u00f3gicas se inscribe la manipulaci\u00f3n de los estados an\u00edmicos, componente en el que las redes sociales tienen responsabilidad por su capacidad de incidir en la sociedad.<\/p>\n\n\n\n<p>Indic\u00f3 que para neutralizar el impacto negativo de las redes sociales, es necesario generar \u201cconciencia cr\u00edtica\u201d en los j\u00f3venes. Sobre este punto, el Jefe de Estado inst\u00f3 fomentar una visi\u00f3n cr\u00edtica desde las aulas de clases y el hogar para evitar la manipulaci\u00f3n.<\/p>\n\n\n\n<p>\u201cInsisto mucho en que la mejor forma de actuar en ense\u00f1arle al ni\u00f1o, a la ni\u00f1a c\u00f3mo manejar los contenidos que le lleguen cuando le lleguen (\u2026) En Estados Unidos, donde quedan y se fundaron esas redes sociales, hablan de afectaci\u00f3n letal, no lo dice Maduro\u201d, a\u00f1adi\u00f3.<\/p>\n\n\n\n<p>Como un aporte a la protecci\u00f3n de ni\u00f1os y j\u00f3venes, desde el Magisterio venezolano, se realizan talleres de formaci\u00f3n docente para \u201ccapacitarlos en el uso de las redes sociales y que esto llegue al estudiante\u201d, inform\u00f3 la ministra del Poder Popular para la Educaci\u00f3n, Yelitze Santaella.<\/p>\n\n\n\n<p><strong>Prensa Presidencial \/ Karelis Gonz\u00e1lez<\/strong><\/p>\n","protected":false},"excerpt":{"rendered":"<p>Palacio de Miraflores, Caracas.- En una estrategia que convoca la participaci\u00f3n de especialistas y organizaciones sociales, pr\u00f3ximamente se establecer\u00e1 una mesa de trabajo \u2013de car\u00e1cter incluyente- sobre la influencia de las redes sociales en la juventud. El anuncio lo realiz\u00f3 el presidente de la Rep\u00fablica, Nicol\u00e1s Maduro, quien puntualiz\u00f3 que el mecanismo de di\u00e1logo derivar\u00e1 [&hellip;]<\/p>\n","protected":false},"author":1,"featured_media":8765,"comment_status":"open","ping_status":"open","sticky":false,"template":"","format":"standard","meta":{"footnotes":""},"categories":[1],"tags":[],"class_list":["post-8761","post","type-post","status-publish","format-standard","has-post-thumbnail","hentry","category-sin-categoria"],"_links":{"self":[{"href":"https:\/\/prensapresidencialvenezuela.gob.ve\/index.php\/wp-json\/wp\/v2\/posts\/8761","targetHints":{"allow":["GET"]}}],"collection":[{"href":"https:\/\/prensapresidencialvenezuela.gob.ve\/index.php\/wp-json\/wp\/v2\/posts"}],"about":[{"href":"https:\/\/prensapresidencialvenezuela.gob.ve\/index.php\/wp-json\/wp\/v2\/types\/post"}],"author":[{"embeddable":true,"href":"https:\/\/prensapresidencialvenezuela.gob.ve\/index.php\/wp-json\/wp\/v2\/users\/1"}],"replies":[{"embeddable":true,"href":"https:\/\/prensapresidencialvenezuela.gob.ve\/index.php\/wp-json\/wp\/v2\/comments?post=8761"}],"version-history":[{"count":1,"href":"https:\/\/prensapresidencialvenezuela.gob.ve\/index.php\/wp-json\/wp\/v2\/posts\/8761\/revisions"}],"predecessor-version":[{"id":8768,"href":"https:\/\/prensapresidencialvenezuela.gob.ve\/index.php\/wp-json\/wp\/v2\/posts\/8761\/revisions\/8768"}],"wp:featuredmedia":[{"embeddable":true,"href":"https:\/\/prensapresidencialvenezuela.gob.ve\/index.php\/wp-json\/wp\/v2\/media\/8765"}],"wp:attachment":[{"href":"https:\/\/prensapresidencialvenezuela.gob.ve\/index.php\/wp-json\/wp\/v2\/media?parent=8761"}],"wp:term":[{"taxonomy":"category","embeddable":true,"href":"https:\/\/prensapresidencialvenezuela.gob.ve\/index.php\/wp-json\/wp\/v2\/categories?post=8761"},{"taxonomy":"post_tag","embeddable":true,"href":"https:\/\/prensapresidencialvenezuela.gob.ve\/index.php\/wp-json\/wp\/v2\/tags?post=8761"}],"curies":[{"name":"wp","href":"https:\/\/api.w.org\/{rel}","templated":true}]}}