{"id":8764,"date":"2024-03-06T15:06:00","date_gmt":"2024-03-06T19:06:00","guid":{"rendered":"http:\/\/172.27.0.121\/?p=8764"},"modified":"2024-04-15T15:07:52","modified_gmt":"2024-04-15T19:07:52","slug":"mar-de-pueblo-en-puerto-cabello-abrazo-al-presidente-maduro","status":"publish","type":"post","link":"https:\/\/prensapresidencialvenezuela.gob.ve\/index.php\/2024\/03\/06\/mar-de-pueblo-en-puerto-cabello-abrazo-al-presidente-maduro\/","title":{"rendered":"Mar de pueblo en Puerto Cabello abraz\u00f3 al presidente Maduro"},"content":{"rendered":"\n<p><strong>Puerto Cabello, estado Carabobo.-<\/strong> De pie, sobre un veh\u00edculo tiuna, vestido con camisa blanca, el tono de la paz y la espiritualidad, se percibe visiblemente alegre, bromista y sencillo el Mandatario nacional, Nicol\u00e1s Maduro, frente al pueblo de Puerto Cabello que lo aborda con \u00edmpetu y euforia.<\/p>\n\n\n\n<p>El sentimiento que ha inundado las calles de diversos estados del pa\u00eds, frente a su presencia. El cari\u00f1o verdadero por compartir un momento que&nbsp; parece surrealista, junto al presidente Maduro.<\/p>\n\n\n\n<p>Ya la voz se corri\u00f3, el Presidente anda por los caminos de esta Patria, para llevar nueva fuerza a su pueblo y cargar de la vibra m\u00e1s noble a su gente que anhela seguir la senda&nbsp; que traz\u00f3 Ch\u00e1vez un d\u00eda.<\/p>\n\n\n\n<p>Un ambiente sobrecogedor entre la histeria colectiva, que crea congesti\u00f3n, que frena el tr\u00e1fico por amor, que no da cabida a dudas, es as\u00ed como la gente le demuestra a \u201cNicol\u00e1s\u201d que no estar\u00e1 solo nunca, que su voz es la direcci\u00f3n que gu\u00eda a esa masa ferviente y llena de sue\u00f1os, esos hombres y mujeres sabios, leales siempre.<\/p>\n\n\n\n<p><strong>Prensa Presidencial \/ Mar\u00eda Mercedes Noguera<\/strong><\/p>\n","protected":false},"excerpt":{"rendered":"<p>Puerto Cabello, estado Carabobo.- De pie, sobre un veh\u00edculo tiuna, vestido con camisa blanca, el tono de la paz y la espiritualidad, se percibe visiblemente alegre, bromista y sencillo el Mandatario nacional, Nicol\u00e1s Maduro, frente al pueblo de Puerto Cabello que lo aborda con \u00edmpetu y euforia. El sentimiento que ha inundado las calles de [&hellip;]<\/p>\n","protected":false},"author":4,"featured_media":8766,"comment_status":"open","ping_status":"open","sticky":false,"template":"","format":"standard","meta":{"footnotes":""},"categories":[18,7],"tags":[],"class_list":["post-8764","post","type-post","status-publish","format-standard","has-post-thumbnail","hentry","category-noticias-principales","category-notas-de-prensa"],"_links":{"self":[{"href":"https:\/\/prensapresidencialvenezuela.gob.ve\/index.php\/wp-json\/wp\/v2\/posts\/8764","targetHints":{"allow":["GET"]}}],"collection":[{"href":"https:\/\/prensapresidencialvenezuela.gob.ve\/index.php\/wp-json\/wp\/v2\/posts"}],"about":[{"href":"https:\/\/prensapresidencialvenezuela.gob.ve\/index.php\/wp-json\/wp\/v2\/types\/post"}],"author":[{"embeddable":true,"href":"https:\/\/prensapresidencialvenezuela.gob.ve\/index.php\/wp-json\/wp\/v2\/users\/4"}],"replies":[{"embeddable":true,"href":"https:\/\/prensapresidencialvenezuela.gob.ve\/index.php\/wp-json\/wp\/v2\/comments?post=8764"}],"version-history":[{"count":1,"href":"https:\/\/prensapresidencialvenezuela.gob.ve\/index.php\/wp-json\/wp\/v2\/posts\/8764\/revisions"}],"predecessor-version":[{"id":8767,"href":"https:\/\/prensapresidencialvenezuela.gob.ve\/index.php\/wp-json\/wp\/v2\/posts\/8764\/revisions\/8767"}],"wp:featuredmedia":[{"embeddable":true,"href":"https:\/\/prensapresidencialvenezuela.gob.ve\/index.php\/wp-json\/wp\/v2\/media\/8766"}],"wp:attachment":[{"href":"https:\/\/prensapresidencialvenezuela.gob.ve\/index.php\/wp-json\/wp\/v2\/media?parent=8764"}],"wp:term":[{"taxonomy":"category","embeddable":true,"href":"https:\/\/prensapresidencialvenezuela.gob.ve\/index.php\/wp-json\/wp\/v2\/categories?post=8764"},{"taxonomy":"post_tag","embeddable":true,"href":"https:\/\/prensapresidencialvenezuela.gob.ve\/index.php\/wp-json\/wp\/v2\/tags?post=8764"}],"curies":[{"name":"wp","href":"https:\/\/api.w.org\/{rel}","templated":true}]}}