{"id":8769,"date":"2024-02-05T15:08:14","date_gmt":"2024-02-05T19:08:14","guid":{"rendered":"http:\/\/172.27.0.121\/?p=8769"},"modified":"2024-04-15T15:11:18","modified_gmt":"2024-04-15T19:11:18","slug":"venezuela-adelanta-acciones-para-desmantelar-redes-de-trata-de-blancas-en-plataformas-digitales","status":"publish","type":"post","link":"https:\/\/prensapresidencialvenezuela.gob.ve\/index.php\/2024\/02\/05\/venezuela-adelanta-acciones-para-desmantelar-redes-de-trata-de-blancas-en-plataformas-digitales\/","title":{"rendered":"Venezuela adelanta acciones para desmantelar redes de trata de blancas en plataformas digitales"},"content":{"rendered":"\n<p><\/p>\n\n\n\n<p><strong>Palacio de Miraflores, Caracas.- <\/strong>Desde el Gobierno Nacional se adelantan acciones para desmantelar redes de prostituci\u00f3n y trata de personas asentadas en plataformas digitales (redes sociales), anunci\u00f3 el presidente de la Rep\u00fablica, Nicol\u00e1s Maduro.<\/p>\n\n\n\n<p>Durante el programa <em>Con Maduro+<\/em>, transmitido a trav\u00e9s de Venezolana de Televisi\u00f3n (VTV), detall\u00f3 que el caso est\u00e1 \u201cen plena fase de investigaci\u00f3n\u201d por las autoridades correspondientes.<\/p>\n\n\n\n<p>\u201cNosotros estamos descubriendo y desmantelando una red de prostituci\u00f3n y trata de personas que tiene su asiento en redes sociales, est\u00e1n en plena fase de investigaci\u00f3n\u201d, recalc\u00f3 al repudiar que exista una v\u00eda libre para que \u201cse dirijan contenidos \u2013en redes sociales- que promuevan la prostituci\u00f3n infantil y la trata de personas\u201d.<\/p>\n\n\n\n<p>Previamente, el Jefe de Estado se\u00f1al\u00f3 que en pa\u00edses como Estados Unidos est\u00e1 en investigaci\u00f3n permanente la expansi\u00f3n de contenido inapropiado, puntualmente contenido sexual, a trav\u00e9s de las redes sociales.<\/p>\n\n\n\n<p>\u201cEl fen\u00f3meno quiz\u00e1s en el mundo se multiplica por 10. Ellos \u2013los jefes de las redes sociales- s\u00ed respetan las leyes internas, pero en el mundo no respetan las leyes porque no est\u00e1n regulados por nada\u201d, cuestion\u00f3.<\/p>\n\n\n\n<p>Precisamente, para contrarrestar la influencia negativa de las redes sociales en la juventud, el mandatario venezolano convoc\u00f3 a establecer una mesa de trabajo \u2013de car\u00e1cter incluyente- sobre la influencia de las plataformas digitales.<\/p>\n\n\n\n<p><strong>Prensa Presidencial \/ Karelis Gonz\u00e1lez<\/strong><\/p>\n","protected":false},"excerpt":{"rendered":"<p>Palacio de Miraflores, Caracas.- Desde el Gobierno Nacional se adelantan acciones para desmantelar redes de prostituci\u00f3n y trata de personas asentadas en plataformas digitales (redes sociales), anunci\u00f3 el presidente de la Rep\u00fablica, Nicol\u00e1s Maduro. Durante el programa Con Maduro+, transmitido a trav\u00e9s de Venezolana de Televisi\u00f3n (VTV), detall\u00f3 que el caso est\u00e1 \u201cen plena fase [&hellip;]<\/p>\n","protected":false},"author":1,"featured_media":8773,"comment_status":"open","ping_status":"open","sticky":false,"template":"","format":"standard","meta":{"footnotes":""},"categories":[7],"tags":[],"class_list":["post-8769","post","type-post","status-publish","format-standard","has-post-thumbnail","hentry","category-notas-de-prensa"],"_links":{"self":[{"href":"https:\/\/prensapresidencialvenezuela.gob.ve\/index.php\/wp-json\/wp\/v2\/posts\/8769","targetHints":{"allow":["GET"]}}],"collection":[{"href":"https:\/\/prensapresidencialvenezuela.gob.ve\/index.php\/wp-json\/wp\/v2\/posts"}],"about":[{"href":"https:\/\/prensapresidencialvenezuela.gob.ve\/index.php\/wp-json\/wp\/v2\/types\/post"}],"author":[{"embeddable":true,"href":"https:\/\/prensapresidencialvenezuela.gob.ve\/index.php\/wp-json\/wp\/v2\/users\/1"}],"replies":[{"embeddable":true,"href":"https:\/\/prensapresidencialvenezuela.gob.ve\/index.php\/wp-json\/wp\/v2\/comments?post=8769"}],"version-history":[{"count":1,"href":"https:\/\/prensapresidencialvenezuela.gob.ve\/index.php\/wp-json\/wp\/v2\/posts\/8769\/revisions"}],"predecessor-version":[{"id":8775,"href":"https:\/\/prensapresidencialvenezuela.gob.ve\/index.php\/wp-json\/wp\/v2\/posts\/8769\/revisions\/8775"}],"wp:featuredmedia":[{"embeddable":true,"href":"https:\/\/prensapresidencialvenezuela.gob.ve\/index.php\/wp-json\/wp\/v2\/media\/8773"}],"wp:attachment":[{"href":"https:\/\/prensapresidencialvenezuela.gob.ve\/index.php\/wp-json\/wp\/v2\/media?parent=8769"}],"wp:term":[{"taxonomy":"category","embeddable":true,"href":"https:\/\/prensapresidencialvenezuela.gob.ve\/index.php\/wp-json\/wp\/v2\/categories?post=8769"},{"taxonomy":"post_tag","embeddable":true,"href":"https:\/\/prensapresidencialvenezuela.gob.ve\/index.php\/wp-json\/wp\/v2\/tags?post=8769"}],"curies":[{"name":"wp","href":"https:\/\/api.w.org\/{rel}","templated":true}]}}