{"id":8774,"date":"2024-03-07T15:10:00","date_gmt":"2024-03-07T19:10:00","guid":{"rendered":"http:\/\/172.27.0.121\/?p=8774"},"modified":"2024-04-15T15:12:24","modified_gmt":"2024-04-15T19:12:24","slug":"emprendedores-de-la-guaira-recibiran-primeros-financiamientos-a-traves-de-credivida","status":"publish","type":"post","link":"https:\/\/prensapresidencialvenezuela.gob.ve\/index.php\/2024\/03\/07\/emprendedores-de-la-guaira-recibiran-primeros-financiamientos-a-traves-de-credivida\/","title":{"rendered":"Emprendedores de La Guaira recibir\u00e1n primeros financiamientos a trav\u00e9s de Credivida"},"content":{"rendered":"\n<p><strong>Casa de Jos\u00e9 Mar\u00eda Espa\u00f1a, estado La Guaira.- <\/strong>La primera jornada de entrega de cr\u00e9ditos de la Gran Misi\u00f3n Igualdad y Justicia Social \u201cHugo Ch\u00e1vez\u201d favorecer\u00e1 a emprendedores del estado La Guaira, afirm\u00f3 el presidente de la Rep\u00fablica, Nicol\u00e1s Maduro.<\/p>\n\n\n\n<p>Desde la Casa de Jos\u00e9 Mar\u00eda Espa\u00f1a, escenario del octavo episodio de <em>Maduro Podcast<\/em>, detall\u00f3 que el financiamiento \u2013inscrito en el sexto v\u00e9rtice denominado <em>Econom\u00eda para la vida<\/em>\u2013 respaldar\u00e1 las iniciativas relacionadas con la prestaci\u00f3n de servicios tur\u00edsticos en la entidad.<\/p>\n\n\n\n<p>\u201cVamos a iniciar por La Guaira la entrega de los primeros cr\u00e9ditos, Credivida. Ya conversamos, tienen proyectos de emprendimiento en funci\u00f3n de servicios para los turistas nacionales e internacionales. Esta semana que viene nos venimos a entregar los primeros cr\u00e9ditos de Credivida a quienes de verdad lo van a convertir en emprendimientos directos\u201d, precis\u00f3.<\/p>\n\n\n\n<p>En la primera etapa de la Gran Misi\u00f3n Igualdad y Justicia Social \u201cHugo Ch\u00e1vez\u201d, que inici\u00f3 formalmente el martes 5 de marzo, otorgar\u00e1n 170 mil cr\u00e9ditos a emprendedores, bajo una perspectiva ampliar para la inclusi\u00f3n financiera de peque\u00f1os negocios en las comunas y consejos comunales del pa\u00eds.<\/p>\n\n\n\n<p>En funci\u00f3n de ello, est\u00e1n destinados 2 millones de d\u00f3lares mensuales \u201cpara montar su bodeguita, para montar su emprendimiento\u201d, explic\u00f3 el Jefe de Estado.<\/p>\n\n\n\n<p><strong>Prensa Presidencial \/ Karelis Gonz\u00e1lez<\/strong><\/p>\n","protected":false},"excerpt":{"rendered":"<p>Casa de Jos\u00e9 Mar\u00eda Espa\u00f1a, estado La Guaira.- La primera jornada de entrega de cr\u00e9ditos de la Gran Misi\u00f3n Igualdad y Justicia Social \u201cHugo Ch\u00e1vez\u201d favorecer\u00e1 a emprendedores del estado La Guaira, afirm\u00f3 el presidente de la Rep\u00fablica, Nicol\u00e1s Maduro. Desde la Casa de Jos\u00e9 Mar\u00eda Espa\u00f1a, escenario del octavo episodio de Maduro Podcast, detall\u00f3 [&hellip;]<\/p>\n","protected":false},"author":4,"featured_media":8777,"comment_status":"open","ping_status":"open","sticky":false,"template":"","format":"standard","meta":{"footnotes":""},"categories":[18,7],"tags":[],"class_list":["post-8774","post","type-post","status-publish","format-standard","has-post-thumbnail","hentry","category-noticias-principales","category-notas-de-prensa"],"_links":{"self":[{"href":"https:\/\/prensapresidencialvenezuela.gob.ve\/index.php\/wp-json\/wp\/v2\/posts\/8774","targetHints":{"allow":["GET"]}}],"collection":[{"href":"https:\/\/prensapresidencialvenezuela.gob.ve\/index.php\/wp-json\/wp\/v2\/posts"}],"about":[{"href":"https:\/\/prensapresidencialvenezuela.gob.ve\/index.php\/wp-json\/wp\/v2\/types\/post"}],"author":[{"embeddable":true,"href":"https:\/\/prensapresidencialvenezuela.gob.ve\/index.php\/wp-json\/wp\/v2\/users\/4"}],"replies":[{"embeddable":true,"href":"https:\/\/prensapresidencialvenezuela.gob.ve\/index.php\/wp-json\/wp\/v2\/comments?post=8774"}],"version-history":[{"count":1,"href":"https:\/\/prensapresidencialvenezuela.gob.ve\/index.php\/wp-json\/wp\/v2\/posts\/8774\/revisions"}],"predecessor-version":[{"id":8778,"href":"https:\/\/prensapresidencialvenezuela.gob.ve\/index.php\/wp-json\/wp\/v2\/posts\/8774\/revisions\/8778"}],"wp:featuredmedia":[{"embeddable":true,"href":"https:\/\/prensapresidencialvenezuela.gob.ve\/index.php\/wp-json\/wp\/v2\/media\/8777"}],"wp:attachment":[{"href":"https:\/\/prensapresidencialvenezuela.gob.ve\/index.php\/wp-json\/wp\/v2\/media?parent=8774"}],"wp:term":[{"taxonomy":"category","embeddable":true,"href":"https:\/\/prensapresidencialvenezuela.gob.ve\/index.php\/wp-json\/wp\/v2\/categories?post=8774"},{"taxonomy":"post_tag","embeddable":true,"href":"https:\/\/prensapresidencialvenezuela.gob.ve\/index.php\/wp-json\/wp\/v2\/tags?post=8774"}],"curies":[{"name":"wp","href":"https:\/\/api.w.org\/{rel}","templated":true}]}}