{"id":8848,"date":"2024-02-07T15:49:29","date_gmt":"2024-02-07T19:49:29","guid":{"rendered":"http:\/\/172.27.0.121\/?p=8848"},"modified":"2024-04-15T15:52:28","modified_gmt":"2024-04-15T19:52:28","slug":"vicepresidenta-rodriguez-conto-su-historia-en-podcast-del-presidente-maduro","status":"publish","type":"post","link":"https:\/\/prensapresidencialvenezuela.gob.ve\/index.php\/2024\/02\/07\/vicepresidenta-rodriguez-conto-su-historia-en-podcast-del-presidente-maduro\/","title":{"rendered":"Vicepresidenta Rodr\u00edguez cont\u00f3 su historia en podcast del presidente Maduro"},"content":{"rendered":"\n<p><strong>Palacio de Miraflores, Caracas.-<\/strong> Durante su participaci\u00f3n la s\u00e9ptima emisi\u00f3n del podcast del presidente de la Rep\u00fablica Bolivariana de Venezuela, Nicol\u00e1s Maduro Moros, la vicepresidenta Ejecutiva, Delcy Rodr\u00edguez destac\u00f3 el significado que tuvo en su vida el Comandante Hugo Ch\u00e1vez, durante la rebeli\u00f3n del 4 de febrero de 1992.<\/p>\n\n\n\n<p>\u201cFue un impacto para Venezuela, yo ven\u00eda del a\u00f1o 88 con las elecciones: el Gocho para el 88. Recuerdo cuando anuncia que quien gan\u00f3 hab\u00eda sido Carlos Andr\u00e9s P\u00e9rez. Imag\u00ednate me encerr\u00e9 en el ba\u00f1o a llorar y dije: que me iba de Venezuela (\u2026) que yo no puedo soportar que sea el punto fijismo quien siga privando a la juventud de sus derechos en el pa\u00eds y Ch\u00e1vez trajo la esperanza, fue una luz para Venezuela. No es una proclama, Ch\u00e1vez de verdad signific\u00f3 la esperanza para nuestro pa\u00eds\u201d, afirm\u00f3.<\/p>\n\n\n\n<p>Record\u00f3 que antes de la llegada al poder del Comandante Ch\u00e1vez, se traz\u00f3 la estrategia de privatizaci\u00f3n de casas de estudio p\u00fablicas, que cercen\u00f3 los sue\u00f1os de miles de estudiantes universitarios en el pa\u00eds.<\/p>\n\n\n\n<p>\u201cVino una estrategia de las \u00e9lites de privatizar la Universidad Central y las \u2013universidades- p\u00fablicas a trav\u00e9s de la v\u00eda de las pruebas internas de admisi\u00f3n que ten\u00edan un criterio socioecon\u00f3mico, y de tal manera cerrar la posibilidad a los m\u00e1s pobres de ir a las universidades p\u00fablicas, eso cambi\u00f3 con el Comandante Ch\u00e1vez\u201d, dijo Rodr\u00edguez.<\/p>\n\n\n\n<p>El Jefe de Estado aport\u00f3 en este punto, que se trat\u00f3 de algo m\u00e1s que solo una pol\u00edtica de privatizaci\u00f3n de las universidades.<\/p>\n\n\n\n<p>\u201cUna pol\u00edtica de privatizaci\u00f3n y elitizaci\u00f3n de las universidades&nbsp; nacionales p\u00fablicas, sostenidas por el presupuesto de la naci\u00f3n, pero las fueron privatizando, creando alcabalas para que los estudiantes, sobre todo de los sectores populares, nunca llegaran a la Universidad Central (\u2026) Que las \u00e9lites del pa\u00eds fueran las que llegaran a las universidades nacionales, que eran las universidades de gran prestigio\u201d, apunt\u00f3.<\/p>\n\n\n\n<p>Durante la conversaci\u00f3n, Rodr\u00edguez tambi\u00e9n rememor\u00f3 sus estudios en la Facultad de Derecho de la Universidad Central de Venezuela en 1987.<\/p>\n\n\n\n<p>\u201cTom\u00e9 una decisi\u00f3n de hacer justicia con el caso de mi pap\u00e1. Y entr\u00e9 a la escuela de derecho, a la facultad, all\u00ed inmediatamente apliqu\u00e9 para ser auxiliar de investigaci\u00f3n en el Instituto de Estudios Penales\u201d.<\/p>\n\n\n\n<p>M\u00e1s tarde, decide cambiar a derecho laboral y culmina su carrera en el a\u00f1o de 1992, en esta fecha junto a dos compa\u00f1eros m\u00e1s escogen llamar a su promoci\u00f3n \u201cHugo Ch\u00e1vez Fr\u00edas\u201d.<\/p>\n\n\n\n<p>La funcionaria aprovech\u00f3 la oportunidad para se\u00f1alar que con ella curs\u00f3 estudios uno de los miembros opositores, impulsores de la violencia en Venezuela, Carlos Vecchio, quien \u201c\u00a1Naguar\u00e1\u00a1 \u00a1P\u00e9simo estudiante! Ni siquiera s\u00e9 c\u00f3mo se gradu\u00f3 porque siempre iba raspado\u201d, se\u00f1al\u00f3.<\/p>\n\n\n\n<p><strong>Viviendo en el extranjero<\/strong><\/p>\n\n\n\n<p>En 1993 la actual Vicepresidenta decide irse a Par\u00eds, Francia, para cursar estudios en derecho laboral y sindical, \u201cporque Francia y B\u00e9lgica ten\u00edan unos reg\u00edmenes muy particulares en el derecho sindical, era realmente muy completo todo el sistema de representatividad sindical y yo siempre le dec\u00eda a quienes hoy todav\u00eda militan en la oposici\u00f3n, pero que estudiaban y coincidimos en Francia en esa \u00e9poca, les dec\u00eda que en Venezuela iba a venir una revoluci\u00f3n\u201d.<\/p>\n\n\n\n<p>Relat\u00f3 que nunca se adapt\u00f3 a la vida en Par\u00eds porque la din\u00e1mica que hacian los migrantes era muy negativa y compleja.<\/p>\n\n\n\n<p>\u201cFue muy duro, porque el parisino es muy dif\u00edcil, es una persona no agradable desde el punto de vista humano y \u2013hay- mucho rechazo a los migrantes (\u2026) en el metro quemaban, por ejemplo, a los \u00e1rabes vivos. Era un sistema realmente terrible. Muy excluyente y muy xen\u00f3fobo\u201d, explic\u00f3.<\/p>\n\n\n\n<p>Al respecto, el Mandatario nacional enfatiz\u00f3 que es lamentable y preocupante la creciente xenofobia que se vive en Europa y los Estados Unidos \u201ccontra los latinoamericanos, los africanos, los \u00e1rabes, contra el pueblo musulm\u00e1n, nuestros hermanos musulmanes\u201d.<\/p>\n\n\n\n<p>A\u00f1adi\u00f3 el Dignatario que actualmente se dice que existen dos Francias, \u201cla Francia de la migraci\u00f3n, es una Francia casi mayoritaria, y la otra Francia que es la Francia blanca, si se puede llamar as\u00ed, que es una Francia llena de contradicciones, entre un progresismo que quiere adaptarse a los nuevos tiempos y una corriente xen\u00f3foba de ultra derecha que quiere un modelo que ya llev\u00f3 a Europa a varias guerras en los siglos pasados\u201d, concluy\u00f3.<\/p>\n\n\n\n<p><strong>Prensa Presidencial \/ Mar\u00eda Mercedes Noguera<\/strong><\/p>\n","protected":false},"excerpt":{"rendered":"<p>Palacio de Miraflores, Caracas.- Durante su participaci\u00f3n la s\u00e9ptima emisi\u00f3n del podcast del presidente de la Rep\u00fablica Bolivariana de Venezuela, Nicol\u00e1s Maduro Moros, la vicepresidenta Ejecutiva, Delcy Rodr\u00edguez destac\u00f3 el significado que tuvo en su vida el Comandante Hugo Ch\u00e1vez, durante la rebeli\u00f3n del 4 de febrero de 1992. \u201cFue un impacto para Venezuela, yo [&hellip;]<\/p>\n","protected":false},"author":1,"featured_media":8849,"comment_status":"open","ping_status":"open","sticky":false,"template":"","format":"standard","meta":{"footnotes":""},"categories":[7],"tags":[],"class_list":["post-8848","post","type-post","status-publish","format-standard","has-post-thumbnail","hentry","category-notas-de-prensa"],"_links":{"self":[{"href":"https:\/\/prensapresidencialvenezuela.gob.ve\/index.php\/wp-json\/wp\/v2\/posts\/8848","targetHints":{"allow":["GET"]}}],"collection":[{"href":"https:\/\/prensapresidencialvenezuela.gob.ve\/index.php\/wp-json\/wp\/v2\/posts"}],"about":[{"href":"https:\/\/prensapresidencialvenezuela.gob.ve\/index.php\/wp-json\/wp\/v2\/types\/post"}],"author":[{"embeddable":true,"href":"https:\/\/prensapresidencialvenezuela.gob.ve\/index.php\/wp-json\/wp\/v2\/users\/1"}],"replies":[{"embeddable":true,"href":"https:\/\/prensapresidencialvenezuela.gob.ve\/index.php\/wp-json\/wp\/v2\/comments?post=8848"}],"version-history":[{"count":1,"href":"https:\/\/prensapresidencialvenezuela.gob.ve\/index.php\/wp-json\/wp\/v2\/posts\/8848\/revisions"}],"predecessor-version":[{"id":8850,"href":"https:\/\/prensapresidencialvenezuela.gob.ve\/index.php\/wp-json\/wp\/v2\/posts\/8848\/revisions\/8850"}],"wp:featuredmedia":[{"embeddable":true,"href":"https:\/\/prensapresidencialvenezuela.gob.ve\/index.php\/wp-json\/wp\/v2\/media\/8849"}],"wp:attachment":[{"href":"https:\/\/prensapresidencialvenezuela.gob.ve\/index.php\/wp-json\/wp\/v2\/media?parent=8848"}],"wp:term":[{"taxonomy":"category","embeddable":true,"href":"https:\/\/prensapresidencialvenezuela.gob.ve\/index.php\/wp-json\/wp\/v2\/categories?post=8848"},{"taxonomy":"post_tag","embeddable":true,"href":"https:\/\/prensapresidencialvenezuela.gob.ve\/index.php\/wp-json\/wp\/v2\/tags?post=8848"}],"curies":[{"name":"wp","href":"https:\/\/api.w.org\/{rel}","templated":true}]}}