{"id":8851,"date":"2024-02-07T15:52:38","date_gmt":"2024-02-07T19:52:38","guid":{"rendered":"http:\/\/172.27.0.121\/?p=8851"},"modified":"2024-04-15T15:55:56","modified_gmt":"2024-04-15T19:55:56","slug":"presidente-maduro-manifesto-preocupacion-por-la-creciente-xenofobia-en-el-mundo","status":"publish","type":"post","link":"https:\/\/prensapresidencialvenezuela.gob.ve\/index.php\/2024\/02\/07\/presidente-maduro-manifesto-preocupacion-por-la-creciente-xenofobia-en-el-mundo\/","title":{"rendered":"Presidente Maduro manifest\u00f3 preocupaci\u00f3n por la creciente xenofobia en el mundo"},"content":{"rendered":"\n<p><strong>Palacio de Miraflores, Caracas.-<\/strong> Durante la s\u00e9ptima emisi\u00f3n de su Podcast, el presidente de la Rep\u00fablica, Nicol\u00e1s Maduro Moros, manifest\u00f3 su preocupaci\u00f3n por la creciente xenofobia en el mundo, especialmente en Europa y Estados Unidos \u201ccontra los latinoamericanos, los africanos, los \u00e1rabes, contra el pueblo musulm\u00e1n, nuestros hermanos musulmanes\u201d.<\/p>\n\n\n\n<p>Asever\u00f3 el Dignatario que actualmente se dice que existen dos Francias: \u201cla Francia de la migraci\u00f3n, es una Francia casi mayoritaria, y la otra Francia que es la Francia blanca, si se puede llamar as\u00ed, que es una Francia llena de contradicciones, entre un progresismo que quiere adaptarse a los nuevos tiempos y una corriente xen\u00f3foba de ultra derecha que quiere un modelo que ya llev\u00f3 a Europa a varias guerras en los siglos pasados\u201d, concluy\u00f3.<\/p>\n\n\n\n<p>La reflexi\u00f3n la hizo el Mandatario durante una conversaci\u00f3n con la vicepresidenta Ejecutiva, Delcy Rodr\u00edguez, en la cual la funcionaria rememor\u00f3 su paso por Par\u00eds en el a\u00f1o 1993, donde curs\u00f3 estudios en derecho laboral y sindical.<\/p>\n\n\n\n<p>Rodr\u00edguez relat\u00f3 que nunca se adapt\u00f3 a la vida en la capital francesa porque la din\u00e1mica que hac\u00edan los migrantes era muy negativa y compleja.<\/p>\n\n\n\n<p>\u201cFue muy duro, porque el parisino es muy dif\u00edcil, es una persona no agradable desde el punto de vista humano y \u2013hay- mucho rechazo a los migrantes (\u2026) en el metro quemaban, por ejemplo, a los \u00e1rabes vivos. Era un sistema realmente terrible. Muy excluyente y muy xen\u00f3fobo\u201d, explic\u00f3.<\/p>\n\n\n\n<p>En reiteradas ocasiones el presidente Maduro ha alzado su voz para rechazar la xenofobia, la violencia y la agresi\u00f3n contra los migrantes, adem\u00e1s de abogar por un trato digno a todos los seres humanos que han decidido echar ra\u00edces en destinos distintos a sus naciones de origen.<\/p>\n\n\n\n<p><strong>Prensa Presidencial \/ Mar\u00eda Mercedes Noguera<\/strong><\/p>\n","protected":false},"excerpt":{"rendered":"<p>Palacio de Miraflores, Caracas.- Durante la s\u00e9ptima emisi\u00f3n de su Podcast, el presidente de la Rep\u00fablica, Nicol\u00e1s Maduro Moros, manifest\u00f3 su preocupaci\u00f3n por la creciente xenofobia en el mundo, especialmente en Europa y Estados Unidos \u201ccontra los latinoamericanos, los africanos, los \u00e1rabes, contra el pueblo musulm\u00e1n, nuestros hermanos musulmanes\u201d. Asever\u00f3 el Dignatario que actualmente se [&hellip;]<\/p>\n","protected":false},"author":1,"featured_media":8852,"comment_status":"open","ping_status":"open","sticky":false,"template":"","format":"standard","meta":{"footnotes":""},"categories":[7],"tags":[],"class_list":["post-8851","post","type-post","status-publish","format-standard","has-post-thumbnail","hentry","category-notas-de-prensa"],"_links":{"self":[{"href":"https:\/\/prensapresidencialvenezuela.gob.ve\/index.php\/wp-json\/wp\/v2\/posts\/8851","targetHints":{"allow":["GET"]}}],"collection":[{"href":"https:\/\/prensapresidencialvenezuela.gob.ve\/index.php\/wp-json\/wp\/v2\/posts"}],"about":[{"href":"https:\/\/prensapresidencialvenezuela.gob.ve\/index.php\/wp-json\/wp\/v2\/types\/post"}],"author":[{"embeddable":true,"href":"https:\/\/prensapresidencialvenezuela.gob.ve\/index.php\/wp-json\/wp\/v2\/users\/1"}],"replies":[{"embeddable":true,"href":"https:\/\/prensapresidencialvenezuela.gob.ve\/index.php\/wp-json\/wp\/v2\/comments?post=8851"}],"version-history":[{"count":1,"href":"https:\/\/prensapresidencialvenezuela.gob.ve\/index.php\/wp-json\/wp\/v2\/posts\/8851\/revisions"}],"predecessor-version":[{"id":8854,"href":"https:\/\/prensapresidencialvenezuela.gob.ve\/index.php\/wp-json\/wp\/v2\/posts\/8851\/revisions\/8854"}],"wp:featuredmedia":[{"embeddable":true,"href":"https:\/\/prensapresidencialvenezuela.gob.ve\/index.php\/wp-json\/wp\/v2\/media\/8852"}],"wp:attachment":[{"href":"https:\/\/prensapresidencialvenezuela.gob.ve\/index.php\/wp-json\/wp\/v2\/media?parent=8851"}],"wp:term":[{"taxonomy":"category","embeddable":true,"href":"https:\/\/prensapresidencialvenezuela.gob.ve\/index.php\/wp-json\/wp\/v2\/categories?post=8851"},{"taxonomy":"post_tag","embeddable":true,"href":"https:\/\/prensapresidencialvenezuela.gob.ve\/index.php\/wp-json\/wp\/v2\/tags?post=8851"}],"curies":[{"name":"wp","href":"https:\/\/api.w.org\/{rel}","templated":true}]}}