{"id":8872,"date":"2024-02-07T16:01:46","date_gmt":"2024-02-07T20:01:46","guid":{"rendered":"http:\/\/172.27.0.121\/?p=8872"},"modified":"2024-04-15T16:02:47","modified_gmt":"2024-04-15T20:02:47","slug":"2018-el-ano-mas-destructivo-de-las-sanciones-contra-venezuela","status":"publish","type":"post","link":"https:\/\/prensapresidencialvenezuela.gob.ve\/index.php\/2024\/02\/07\/2018-el-ano-mas-destructivo-de-las-sanciones-contra-venezuela\/","title":{"rendered":"2018, el a\u00f1o m\u00e1s destructivo de las sanciones\u00a0 contra Venezuela"},"content":{"rendered":"\n<p><\/p>\n\n\n\n<p><strong>Casa Amarilla, Caracas.-<\/strong> El presidente de la Rep\u00fablica, Nicol\u00e1s Maduro, asegur\u00f3 que el a\u00f1o 2018 fue el m\u00e1s perjudicial para la econom\u00eda venezolana, producto de las medidas coercitivas impuestas desde los Estados Unidos.<\/p>\n\n\n\n<p>El a\u00f1o m\u00e1s dif\u00edcil, m\u00e1s destructivo de los misiles de las sanciones fue el 2018, brutal, casi 200.000% de inflaci\u00f3n, perdimos el 99% de los ingresos del pa\u00eds\u201d, destac\u00f3.<\/p>\n\n\n\n<p>El Jefe de Estado subray\u00f3 que ante ese escenario el Gobierno Nacional configur\u00f3 el plan de recuperaci\u00f3n frente a la guerra econ\u00f3mica y convoc\u00f3 al pueblo a la resistir. Pero los planes imperiales no pararon ah\u00ed.<\/p>\n\n\n\n<p>\u201cEl 2019 vino con un regalito del imperialismo, Juan Guaid\u00f3 y vino con todos un paquete, sabotaje de la industria petrolera, sabotaje de la industria el\u00e9ctrica, guerra psicol\u00f3gica, conspiraciones, tramas, intentos de golpes de Estado, tramas\u201d, detall\u00f3.<\/p>\n\n\n\n<p>En ese contexto, la vicepresidenta ejecutiva, Delcy Rodr\u00edguez, relat\u00f3 lo que signific\u00f3 el ataque el\u00e9ctrico para el pueblo venezolano.<\/p>\n\n\n\n<p>\u201cMuy duro, fue un ataque magn\u00e9tico, donde todos los gobernadores que rigen las turbinas del Guri se paralizaron en el mismo momento, lo cual ya daba cuenta de que est\u00e1bamos frente a un ataque. Fue un golpe al coraz\u00f3n del pa\u00eds porque ese es el servicio que rige todo, pero el pueblo venezolano nuevamente dio una gran lecci\u00f3n\u201d, acot\u00f3 durante el s\u00e9ptimo episodio del Maduro Podcast.<\/p>\n\n\n\n<p><strong>Prensa Presidencial \/ Karla Cotoret<\/strong><\/p>\n","protected":false},"excerpt":{"rendered":"<p>Casa Amarilla, Caracas.- El presidente de la Rep\u00fablica, Nicol\u00e1s Maduro, asegur\u00f3 que el a\u00f1o 2018 fue el m\u00e1s perjudicial para la econom\u00eda venezolana, producto de las medidas coercitivas impuestas desde los Estados Unidos. El a\u00f1o m\u00e1s dif\u00edcil, m\u00e1s destructivo de los misiles de las sanciones fue el 2018, brutal, casi 200.000% de inflaci\u00f3n, perdimos el [&hellip;]<\/p>\n","protected":false},"author":1,"featured_media":8873,"comment_status":"open","ping_status":"open","sticky":false,"template":"","format":"standard","meta":{"footnotes":""},"categories":[7],"tags":[],"class_list":["post-8872","post","type-post","status-publish","format-standard","has-post-thumbnail","hentry","category-notas-de-prensa"],"_links":{"self":[{"href":"https:\/\/prensapresidencialvenezuela.gob.ve\/index.php\/wp-json\/wp\/v2\/posts\/8872","targetHints":{"allow":["GET"]}}],"collection":[{"href":"https:\/\/prensapresidencialvenezuela.gob.ve\/index.php\/wp-json\/wp\/v2\/posts"}],"about":[{"href":"https:\/\/prensapresidencialvenezuela.gob.ve\/index.php\/wp-json\/wp\/v2\/types\/post"}],"author":[{"embeddable":true,"href":"https:\/\/prensapresidencialvenezuela.gob.ve\/index.php\/wp-json\/wp\/v2\/users\/1"}],"replies":[{"embeddable":true,"href":"https:\/\/prensapresidencialvenezuela.gob.ve\/index.php\/wp-json\/wp\/v2\/comments?post=8872"}],"version-history":[{"count":1,"href":"https:\/\/prensapresidencialvenezuela.gob.ve\/index.php\/wp-json\/wp\/v2\/posts\/8872\/revisions"}],"predecessor-version":[{"id":8874,"href":"https:\/\/prensapresidencialvenezuela.gob.ve\/index.php\/wp-json\/wp\/v2\/posts\/8872\/revisions\/8874"}],"wp:featuredmedia":[{"embeddable":true,"href":"https:\/\/prensapresidencialvenezuela.gob.ve\/index.php\/wp-json\/wp\/v2\/media\/8873"}],"wp:attachment":[{"href":"https:\/\/prensapresidencialvenezuela.gob.ve\/index.php\/wp-json\/wp\/v2\/media?parent=8872"}],"wp:term":[{"taxonomy":"category","embeddable":true,"href":"https:\/\/prensapresidencialvenezuela.gob.ve\/index.php\/wp-json\/wp\/v2\/categories?post=8872"},{"taxonomy":"post_tag","embeddable":true,"href":"https:\/\/prensapresidencialvenezuela.gob.ve\/index.php\/wp-json\/wp\/v2\/tags?post=8872"}],"curies":[{"name":"wp","href":"https:\/\/api.w.org\/{rel}","templated":true}]}}