{"id":8876,"date":"2024-02-07T16:03:16","date_gmt":"2024-02-07T20:03:16","guid":{"rendered":"http:\/\/172.27.0.121\/?p=8876"},"modified":"2024-04-15T16:04:28","modified_gmt":"2024-04-15T20:04:28","slug":"delcy-rodriguez-debemos-proteger-la-revolucion","status":"publish","type":"post","link":"https:\/\/prensapresidencialvenezuela.gob.ve\/index.php\/2024\/02\/07\/delcy-rodriguez-debemos-proteger-la-revolucion\/","title":{"rendered":"Delcy Rodr\u00edguez: Debemos proteger la Revoluci\u00f3n"},"content":{"rendered":"\n<p><\/p>\n\n\n\n<p><strong>Palacio de Miraflores, Caracas.-<\/strong> \u201cEn el a\u00f1o 2002 yo empiezo a darme cuenta que la situaci\u00f3n en Venezuela se estaba complicando y un d\u00eda ya a finales de enero, le digo a mi profesor: va a haber un golpe de Estado en Venezuela. Yo me voy a Venezuela a esperar el golpe porque lo peor que me podr\u00eda ocurrir es ver este golpe de Estado por internet\u201d, record\u00f3 la actual vicepresidenta de la Rep\u00fablica, Delcy Rodr\u00edguez, durante su participaci\u00f3n en el Podcast del presidente de la Rep\u00fablica Bolivariana de Venezuela, Nicol\u00e1s Maduro.<\/p>\n\n\n\n<p>Antes de gestarse el golpe de Estado en la naci\u00f3n suramericana, Rodr\u00edguez decide irse nuevamente a Londres donde tambi\u00e9n estuvo cursando estudios, pero en medio de su viaje ocurri\u00f3 lo que tanto tem\u00eda. Fue en el mes de abril cuando se autoproclamada&nbsp; \u201cel breve\u201d Carmona Estanga en el poder.<\/p>\n\n\n\n<p>\u201cCuando llego a Londres todav\u00eda estaba la dictadura de Carmona, \u201cel breve\u201d y tomamos la Embajada, mi mam\u00e1 y yo nos encerramos all\u00ed, coordinamos unas entrevistas con la BBC, con CNN, con Greg Palace (\u2026) y luego decid\u00ed si mi mudanza y venirme inmediatamente al mes siguiente a restablecer todos los lazos aqu\u00ed en Venezuela\u201d, narr\u00f3.<\/p>\n\n\n\n<p>A su regreso a Venezuela recibi\u00f3 la oferta de trabajo por parte del canciller para el momento, Roy Chaderton.<\/p>\n\n\n\n<p>\u201cMe dice que Ch\u00e1vez lo iba a designar embajador en los Estados Unidos, que si yo quer\u00eda irme con \u00e9l como agregada pol\u00edtica y le dije que s\u00ed. Cuando despu\u00e9s del golpe, Ch\u00e1vez llama a Chaderton y lo designa canciller y me dice que me venga para ac\u00e1, as\u00ed que llegu\u00e9 a esta Casa Amarilla (\u2026) de 7 de la ma\u00f1ana a 7 de la noche era asistente del canciller y de 7 de la noche a 2 de la ma\u00f1ana era asistente de la ministra Nora Uribe que llevaba comunicaci\u00f3n en Palacio\u201d.<\/p>\n\n\n\n<p><strong>An\u00e9cdotas<\/strong><\/p>\n\n\n\n<p>Luego de recibir una llamada del canciller solicitando que sirviera como traductora entre el Comandante Ch\u00e1vez y un funcionario franc\u00e9s.<\/p>\n\n\n\n<p>\u201cEstoy yo preparada con todo y aud\u00edfono para empezar la traducci\u00f3n en franc\u00e9s y en eso entra alguien en la comunicaci\u00f3n hablando en ingl\u00e9s. Y yo digo hackearon la llamada. Algo est\u00e1 pasando. Empiezan esas dos personas a hablar en ingl\u00e9s. Era el Primer Ministro y el Comandante Hugo Ch\u00e1vez hablando en ingl\u00e9s\u201d, cont\u00f3.<\/p>\n\n\n\n<p>\u201cA Ch\u00e1vez lo conozco despu\u00e9s del golpe de Estado del a\u00f1o 2002 porque yo ten\u00eda unas observaciones, porque \u00e9l hab\u00eda pedido al Tribunal Supremo de Justicia que se pronunciara sobre el golpe de Estado y yo ten\u00eda unas recomendaciones\u201d.<\/p>\n\n\n\n<p>Luego de su persistencia sobre el caso, el Comandante se re\u00fane con Delcy Rodr\u00edguez y con las v\u00edctimas del golpe de Estado de 2002 y la representante venezolana emprende una gira por Estados Unidos. Labor que no culmina muy bien para ella, porque en medio de sus labores sufre un aparatoso accidente del que pronto se recupera.<\/p>\n\n\n\n<p><strong>Lucha revolucionaria<\/strong><\/p>\n\n\n\n<p>Junto al Jefe de Estado, Rodr\u00edguez rememor\u00f3 lo duro de los meses en los que se enfrentaron a la derecha fascista que intentaba recuperar el poder.<\/p>\n\n\n\n<p>\u201cFueron meses muy duros para Venezuela porque era un golpe continuo, permanente violencia, el golpe, el sabotaje petrolero, nuestra producci\u00f3n petrolera lleg\u00f3 a 25 mil barriles por d\u00eda\u201d, afirm\u00f3.<\/p>\n\n\n\n<p>Pero siempre al frente estuvo la generaci\u00f3n que se formaba al calor del modelo bolivariano tra\u00eddo a la vida nuevamente por el Comandante Ch\u00e1vez.<\/p>\n\n\n\n<p>\u201cFormamos parte de una generaci\u00f3n joven a\u00fan fundacional, que acompa\u00f1\u00f3 al comandante Ch\u00e1vez en su tarea de refundar la rep\u00fablica de fundar una nueva Venezuela, un l\u00edder joven, pero que era como nuestro padre\u201d.<\/p>\n\n\n\n<p>\u201cEn contra parte, surge en 2007 un grupo formado en Estados Unidos y M\u00e9xico, algunos de ellos conocidos: Yon Goicochea, Freddy Guevara, Juan Guaid\u00f3, entre otros, con un plan de desestabilizaci\u00f3n. Era la generaci\u00f3n de recambio a los Julio Borges, a la Machado, a L\u00f3pez, al Capriles, preparados en Estados Unidos, preparados completamente como agentes estadounidenses en la venezolana\u201d, indic\u00f3 por su parte el Dignatario.<\/p>\n\n\n\n<p>En ese momento de conflicto,&nbsp; tambi\u00e9n sal\u00eda a dar la cara por la Revoluci\u00f3n \u201cuna generaci\u00f3n que estaba de verdad en la base pura, cristalina, encabezada por Robert Serra, H\u00e9ctor Rodr\u00edguez, entre otros. Esa generaci\u00f3n intermedia joven, est\u00e1 al mando, tenemos varios H\u00e9ctor Rodr\u00edguez, V\u00edctor Clark, Jehyson Guzm\u00e1n, Luis Jos\u00e9 Marcano, entre otros verdaderamente excepcionales. Despu\u00e9s viene una generaci\u00f3n m\u00e1s joven de estos muchachos de 20, 25 a\u00f1os, con la Gran Misi\u00f3n Venezuela Joven\u201d.<\/p>\n\n\n\n<p>Como una reflexi\u00f3n ante esta ardua lucha que han llevado a cuestas por ser l\u00edderes al servicio del pueblo, la Vicepresidenta Ejecutiva destac\u00f3 \u201cuna necesidad inmensa de cuidar esta revoluci\u00f3n y creo que es el mensaje a nuestros j\u00f3venes, a los que nacieron en la Revoluci\u00f3n (\u2026) que sea la esperanza, que sea la seguridad de un futuro, porque los j\u00f3venes que sufrimos y fuimos v\u00edctimas del punto fijismo no ve\u00edamos horizontes, no ve\u00edamos esperanza donde desarrollarnos, donde estar, donde participar, donde expresarnos\u201d.<\/p>\n\n\n\n<p><strong>Prensa Presidencial \/ Mar\u00eda Mercedes Noguera<\/strong><\/p>\n","protected":false},"excerpt":{"rendered":"<p>Palacio de Miraflores, Caracas.- \u201cEn el a\u00f1o 2002 yo empiezo a darme cuenta que la situaci\u00f3n en Venezuela se estaba complicando y un d\u00eda ya a finales de enero, le digo a mi profesor: va a haber un golpe de Estado en Venezuela. Yo me voy a Venezuela a esperar el golpe porque lo peor [&hellip;]<\/p>\n","protected":false},"author":1,"featured_media":8879,"comment_status":"open","ping_status":"open","sticky":false,"template":"","format":"standard","meta":{"footnotes":""},"categories":[7],"tags":[],"class_list":["post-8876","post","type-post","status-publish","format-standard","has-post-thumbnail","hentry","category-notas-de-prensa"],"_links":{"self":[{"href":"https:\/\/prensapresidencialvenezuela.gob.ve\/index.php\/wp-json\/wp\/v2\/posts\/8876","targetHints":{"allow":["GET"]}}],"collection":[{"href":"https:\/\/prensapresidencialvenezuela.gob.ve\/index.php\/wp-json\/wp\/v2\/posts"}],"about":[{"href":"https:\/\/prensapresidencialvenezuela.gob.ve\/index.php\/wp-json\/wp\/v2\/types\/post"}],"author":[{"embeddable":true,"href":"https:\/\/prensapresidencialvenezuela.gob.ve\/index.php\/wp-json\/wp\/v2\/users\/1"}],"replies":[{"embeddable":true,"href":"https:\/\/prensapresidencialvenezuela.gob.ve\/index.php\/wp-json\/wp\/v2\/comments?post=8876"}],"version-history":[{"count":1,"href":"https:\/\/prensapresidencialvenezuela.gob.ve\/index.php\/wp-json\/wp\/v2\/posts\/8876\/revisions"}],"predecessor-version":[{"id":8880,"href":"https:\/\/prensapresidencialvenezuela.gob.ve\/index.php\/wp-json\/wp\/v2\/posts\/8876\/revisions\/8880"}],"wp:featuredmedia":[{"embeddable":true,"href":"https:\/\/prensapresidencialvenezuela.gob.ve\/index.php\/wp-json\/wp\/v2\/media\/8879"}],"wp:attachment":[{"href":"https:\/\/prensapresidencialvenezuela.gob.ve\/index.php\/wp-json\/wp\/v2\/media?parent=8876"}],"wp:term":[{"taxonomy":"category","embeddable":true,"href":"https:\/\/prensapresidencialvenezuela.gob.ve\/index.php\/wp-json\/wp\/v2\/categories?post=8876"},{"taxonomy":"post_tag","embeddable":true,"href":"https:\/\/prensapresidencialvenezuela.gob.ve\/index.php\/wp-json\/wp\/v2\/tags?post=8876"}],"curies":[{"name":"wp","href":"https:\/\/api.w.org\/{rel}","templated":true}]}}