{"id":8915,"date":"2023-11-20T18:19:00","date_gmt":"2023-11-20T22:19:00","guid":{"rendered":"http:\/\/172.27.0.121\/?p=8915"},"modified":"2024-04-15T16:23:49","modified_gmt":"2024-04-15T20:23:49","slug":"venezuela-y-argelia-fortalecen-vinculos-diplomaticos","status":"publish","type":"post","link":"https:\/\/prensapresidencialvenezuela.gob.ve\/index.php\/2023\/11\/20\/venezuela-y-argelia-fortalecen-vinculos-diplomaticos\/","title":{"rendered":"Venezuela y Argelia fortalecen v\u00ednculos diplom\u00e1ticos"},"content":{"rendered":"\n<p><strong>Palacio de Miraflores, Caracas. \u2013<\/strong>Con la entrega de cartas credenciales del Excelent\u00edsimo Se\u00f1or YacineHadji, Embajador designado de la Rep\u00fablica Argelina Democr\u00e1tica y Popular, al presidente de la Rep\u00fablica Bolivariana de Venezuela, Nicol\u00e1s Maduro, ambas naciones fortalecen sus relaciones diplom\u00e1ticas, comerciales, pol\u00edticas, econ\u00f3micas y culturales.<\/p>\n\n\n\n<p>El diplom\u00e1tico argelino es licenciado egresado de la Escuela de Administraci\u00f3n Nacional y obtuvo un doctorado en Derecho Internacional, los cargos que ha desempe\u00f1ado han sido como Secretario de Asuntos Exteriores del Departamento de Asuntos Pol\u00edticos \u2013 Ministerio de Asuntos Exteriores de Argelia, ocup\u00f3 el cargo de Primer Secretario en la&nbsp; Embajada en Madrid.<\/p>\n\n\n\n<p>Asimismo, fue consejero en la Embajada de Argelia en Atenas, trabaj\u00f3 como Jefe del Departamento Consejo de Seguridad de la Direcci\u00f3n General de Relaciones Multilaterales \u2013 Ministerio de Asuntos Exteriores de Argelia, fue Ministro Plenipotenciario de la Direcci\u00f3n General de Asia y Ocean\u00eda.<\/p>\n\n\n\n<p>El 17 de noviembre de 2023, arrib\u00f3 a la Rep\u00fablica Bolivariana de Venezuela para formalizar su proceso de acreditaci\u00f3n diplom\u00e1tica ante las autoridades nacionales.<\/p>\n\n\n\n<p>Venezuela y Argelia, en junio de 2022, ampliaron sus relaciones de cooperaci\u00f3ncon v\u00ednculos diplom\u00e1ticos y acordaron elaborar un mapa de cooperaci\u00f3n bajo los principios de beneficio compartido, en el contexto de la gira euroasi\u00e1tica realizada por el Dignatario venezolano.<\/p>\n\n\n\n<p>La \u00faltima visita realizada por el presidente Maduro fue el pasado 14 de septiembre, tras culminar la gira oficial por la Rep\u00fablica Popular China, dondearrib\u00f3 a Argelia y sostuvo una reuni\u00f3n con el primer ministro, AymeneBenabderrahmane, destacando \u201cque estamos unidos en la amistad profunda y el compromiso por un mundo nuevo\u201d.<\/p>\n\n\n\n<p><strong>Prensa Presidencial \/ Ana\u00eds P\u00e9rez<\/strong><\/p>\n","protected":false},"excerpt":{"rendered":"<p>Palacio de Miraflores, Caracas. \u2013Con la entrega de cartas credenciales del Excelent\u00edsimo Se\u00f1or YacineHadji, Embajador designado de la Rep\u00fablica Argelina Democr\u00e1tica y Popular, al presidente de la Rep\u00fablica Bolivariana de Venezuela, Nicol\u00e1s Maduro, ambas naciones fortalecen sus relaciones diplom\u00e1ticas, comerciales, pol\u00edticas, econ\u00f3micas y culturales. El diplom\u00e1tico argelino es licenciado egresado de la Escuela de Administraci\u00f3n [&hellip;]<\/p>\n","protected":false},"author":4,"featured_media":8920,"comment_status":"open","ping_status":"open","sticky":false,"template":"","format":"standard","meta":{"footnotes":""},"categories":[18,7],"tags":[128,30,38,19,27,20],"class_list":["post-8915","post","type-post","status-publish","format-standard","has-post-thumbnail","hentry","category-noticias-principales","category-notas-de-prensa","tag-argelia","tag-destacado","tag-diplomacia-bolivariana-de-paz","tag-nicolas-maduro","tag-revolucion-bolivariana","tag-venezuela"],"_links":{"self":[{"href":"https:\/\/prensapresidencialvenezuela.gob.ve\/index.php\/wp-json\/wp\/v2\/posts\/8915","targetHints":{"allow":["GET"]}}],"collection":[{"href":"https:\/\/prensapresidencialvenezuela.gob.ve\/index.php\/wp-json\/wp\/v2\/posts"}],"about":[{"href":"https:\/\/prensapresidencialvenezuela.gob.ve\/index.php\/wp-json\/wp\/v2\/types\/post"}],"author":[{"embeddable":true,"href":"https:\/\/prensapresidencialvenezuela.gob.ve\/index.php\/wp-json\/wp\/v2\/users\/4"}],"replies":[{"embeddable":true,"href":"https:\/\/prensapresidencialvenezuela.gob.ve\/index.php\/wp-json\/wp\/v2\/comments?post=8915"}],"version-history":[{"count":1,"href":"https:\/\/prensapresidencialvenezuela.gob.ve\/index.php\/wp-json\/wp\/v2\/posts\/8915\/revisions"}],"predecessor-version":[{"id":8923,"href":"https:\/\/prensapresidencialvenezuela.gob.ve\/index.php\/wp-json\/wp\/v2\/posts\/8915\/revisions\/8923"}],"wp:featuredmedia":[{"embeddable":true,"href":"https:\/\/prensapresidencialvenezuela.gob.ve\/index.php\/wp-json\/wp\/v2\/media\/8920"}],"wp:attachment":[{"href":"https:\/\/prensapresidencialvenezuela.gob.ve\/index.php\/wp-json\/wp\/v2\/media?parent=8915"}],"wp:term":[{"taxonomy":"category","embeddable":true,"href":"https:\/\/prensapresidencialvenezuela.gob.ve\/index.php\/wp-json\/wp\/v2\/categories?post=8915"},{"taxonomy":"post_tag","embeddable":true,"href":"https:\/\/prensapresidencialvenezuela.gob.ve\/index.php\/wp-json\/wp\/v2\/tags?post=8915"}],"curies":[{"name":"wp","href":"https:\/\/api.w.org\/{rel}","templated":true}]}}