{"id":8926,"date":"2024-02-15T16:25:41","date_gmt":"2024-02-15T20:25:41","guid":{"rendered":"http:\/\/172.27.0.121\/?p=8926"},"modified":"2024-04-15T16:28:03","modified_gmt":"2024-04-15T20:28:03","slug":"1x10-del-buen-gobierno-brinda-respuestas-en-materia-de-salud-a-comunidades-caraquenas","status":"publish","type":"post","link":"https:\/\/prensapresidencialvenezuela.gob.ve\/index.php\/2024\/02\/15\/1x10-del-buen-gobierno-brinda-respuestas-en-materia-de-salud-a-comunidades-caraquenas\/","title":{"rendered":"1&#215;10 del Buen Gobierno brinda respuestas en materia de salud a comunidades caraque\u00f1as"},"content":{"rendered":"\n<p><\/p>\n\n\n\n<p><strong>Palacio de Miraflores, Caracas.-<\/strong> En una acci\u00f3n que apunta a mejorar los servicios de salud gratuitos que se prestan en las comunidades del pa\u00eds, fueron reinaugurados el Centro de Diagn\u00f3stico Integral (CDI) y la Sala de Rehabilitaci\u00f3n Integral (SRI) \u201cMarta Harnecker\u201d, ubicados en la parroquia Altagracia de Caracas.<\/p>\n\n\n\n<p>Las obras de rehabilitaci\u00f3n contemplaron reparaci\u00f3n, dotaci\u00f3n y equipamiento de la sala de rayos X, servicio de emergencia y trauma shock, \u00e1reas de pediatr\u00eda, salas de espera, odontolog\u00eda, ginecolog\u00eda, oftalmolog\u00eda y laboratorio.<\/p>\n\n\n\n<p>M\u00e1s de 27 mil familias y 50 comunidades de la zona disfrutar\u00e1n de los servicios que prestan estos centros de salud, que adem\u00e1s cuentan con capacidad para atender a los habitantes de las localidades aleda\u00f1as.<\/p>\n\n\n\n<p>La jefa de la Unidad de Batalla Bol\u00edvar-Ch\u00e1vez (UBCh), Zoraida Caballero, en compa\u00f1\u00eda de la autoridad \u00fanica de salud, Morella Camacho, y el jefe de Gobierno de Distrito Capital, Nah\u00fam Fern\u00e1ndez, agradeci\u00f3 la atenci\u00f3n dada a trav\u00e9s del 1&#215;10 del Buen Gobierno para poner en funcionamiento estos centros de salud.<\/p>\n\n\n\n<p>La informaci\u00f3n fue dada a conocer durante la instalaci\u00f3n del Comando Especial Presidencial de Gobierno, instancia que permitir\u00e1 al Ejecutivo Nacional desplegarse por todo el territorio con el objetivo de potenciar la acci\u00f3n del 1&#215;10 del Buen Gobierno y dar respuestas eficientes a las comunidades.\u00a0<\/p>\n\n\n\n<p><strong>Prensa Presidencial \/ Bianca Borrero<\/strong><\/p>\n","protected":false},"excerpt":{"rendered":"<p>Palacio de Miraflores, Caracas.- En una acci\u00f3n que apunta a mejorar los servicios de salud gratuitos que se prestan en las comunidades del pa\u00eds, fueron reinaugurados el Centro de Diagn\u00f3stico Integral (CDI) y la Sala de Rehabilitaci\u00f3n Integral (SRI) \u201cMarta Harnecker\u201d, ubicados en la parroquia Altagracia de Caracas. Las obras de rehabilitaci\u00f3n contemplaron reparaci\u00f3n, dotaci\u00f3n [&hellip;]<\/p>\n","protected":false},"author":1,"featured_media":8910,"comment_status":"open","ping_status":"open","sticky":false,"template":"","format":"standard","meta":{"footnotes":""},"categories":[7],"tags":[],"class_list":["post-8926","post","type-post","status-publish","format-standard","has-post-thumbnail","hentry","category-notas-de-prensa"],"_links":{"self":[{"href":"https:\/\/prensapresidencialvenezuela.gob.ve\/index.php\/wp-json\/wp\/v2\/posts\/8926","targetHints":{"allow":["GET"]}}],"collection":[{"href":"https:\/\/prensapresidencialvenezuela.gob.ve\/index.php\/wp-json\/wp\/v2\/posts"}],"about":[{"href":"https:\/\/prensapresidencialvenezuela.gob.ve\/index.php\/wp-json\/wp\/v2\/types\/post"}],"author":[{"embeddable":true,"href":"https:\/\/prensapresidencialvenezuela.gob.ve\/index.php\/wp-json\/wp\/v2\/users\/1"}],"replies":[{"embeddable":true,"href":"https:\/\/prensapresidencialvenezuela.gob.ve\/index.php\/wp-json\/wp\/v2\/comments?post=8926"}],"version-history":[{"count":1,"href":"https:\/\/prensapresidencialvenezuela.gob.ve\/index.php\/wp-json\/wp\/v2\/posts\/8926\/revisions"}],"predecessor-version":[{"id":8927,"href":"https:\/\/prensapresidencialvenezuela.gob.ve\/index.php\/wp-json\/wp\/v2\/posts\/8926\/revisions\/8927"}],"wp:featuredmedia":[{"embeddable":true,"href":"https:\/\/prensapresidencialvenezuela.gob.ve\/index.php\/wp-json\/wp\/v2\/media\/8910"}],"wp:attachment":[{"href":"https:\/\/prensapresidencialvenezuela.gob.ve\/index.php\/wp-json\/wp\/v2\/media?parent=8926"}],"wp:term":[{"taxonomy":"category","embeddable":true,"href":"https:\/\/prensapresidencialvenezuela.gob.ve\/index.php\/wp-json\/wp\/v2\/categories?post=8926"},{"taxonomy":"post_tag","embeddable":true,"href":"https:\/\/prensapresidencialvenezuela.gob.ve\/index.php\/wp-json\/wp\/v2\/tags?post=8926"}],"curies":[{"name":"wp","href":"https:\/\/api.w.org\/{rel}","templated":true}]}}