{"id":8934,"date":"2024-02-15T16:29:44","date_gmt":"2024-02-15T20:29:44","guid":{"rendered":"http:\/\/172.27.0.121\/?p=8934"},"modified":"2024-04-15T16:33:03","modified_gmt":"2024-04-15T20:33:03","slug":"1x10-del-buen-gobierno-entrego-ayudas-tecnicas-en-caracas","status":"publish","type":"post","link":"https:\/\/prensapresidencialvenezuela.gob.ve\/index.php\/2024\/02\/15\/1x10-del-buen-gobierno-entrego-ayudas-tecnicas-en-caracas\/","title":{"rendered":"1&#215;10 del Buen Gobierno entreg\u00f3 ayudas t\u00e9cnicas en Caracas"},"content":{"rendered":"\n<p><strong>Palacio de Miraflores, Caracas.-<\/strong> Como parte de las acciones que lleva a cabo el Ejecutivo Nacional para dar respuestas a las solicitudes recibidas a trav\u00e9s del 1&#215;10 del Buen Gobierno, la Alcald\u00eda del municipio Bolivariano Libertador de Caracas, realiz\u00f3 un despliegue en el Urbanismo Hugo Ch\u00e1vez Fr\u00edas Turmerito, de la parroquia Coche.<\/p>\n\n\n\n<p>En ese sentido, se llev\u00f3 a cabo una jornada social para atender a mil 140 personas que hacen vida en la mencionada comunidad, inform\u00f3 el alcaldesa de Caracas, Carmen Mel\u00e9ndez.<\/p>\n\n\n\n<p>La jefa de comunidad, Blanca Rond\u00f3n, agradeci\u00f3 al 1&#215;10 del Buen Gobierno que atendi\u00f3 las denuncias hechas por el Poder Popular, espec\u00edficamente para la rehabilitaci\u00f3n de la cancha deportiva de la localidad, de la cual se benefician los habitantes de las cinco comunidades que hacen vida en el sector.<\/p>\n\n\n\n<p>Asimismo, cuadrillas de la Corporaci\u00f3n El\u00e9ctrica Nacional (Corpoelec) efectuaron la instalaci\u00f3n de luminarias.<\/p>\n\n\n\n<p>El presidente de la Rep\u00fablica, Nicol\u00e1s Maduro, destac\u00f3 la importancia de que cada vez m\u00e1s \u201ctengamos un gobierno de calle que vaya a o\u00edr al pueblo, que concentre esfuerzos en atender y solucionar todo lo que el pueblo necesita\u201d.<\/p>\n\n\n\n<p><strong>Prensa Presidencial \/ Bianca Borrero\u00a0\u00a0<\/strong><\/p>\n","protected":false},"excerpt":{"rendered":"<p>Palacio de Miraflores, Caracas.- Como parte de las acciones que lleva a cabo el Ejecutivo Nacional para dar respuestas a las solicitudes recibidas a trav\u00e9s del 1&#215;10 del Buen Gobierno, la Alcald\u00eda del municipio Bolivariano Libertador de Caracas, realiz\u00f3 un despliegue en el Urbanismo Hugo Ch\u00e1vez Fr\u00edas Turmerito, de la parroquia Coche. En ese sentido, [&hellip;]<\/p>\n","protected":false},"author":1,"featured_media":8924,"comment_status":"open","ping_status":"open","sticky":false,"template":"","format":"standard","meta":{"footnotes":""},"categories":[7],"tags":[],"class_list":["post-8934","post","type-post","status-publish","format-standard","has-post-thumbnail","hentry","category-notas-de-prensa"],"_links":{"self":[{"href":"https:\/\/prensapresidencialvenezuela.gob.ve\/index.php\/wp-json\/wp\/v2\/posts\/8934","targetHints":{"allow":["GET"]}}],"collection":[{"href":"https:\/\/prensapresidencialvenezuela.gob.ve\/index.php\/wp-json\/wp\/v2\/posts"}],"about":[{"href":"https:\/\/prensapresidencialvenezuela.gob.ve\/index.php\/wp-json\/wp\/v2\/types\/post"}],"author":[{"embeddable":true,"href":"https:\/\/prensapresidencialvenezuela.gob.ve\/index.php\/wp-json\/wp\/v2\/users\/1"}],"replies":[{"embeddable":true,"href":"https:\/\/prensapresidencialvenezuela.gob.ve\/index.php\/wp-json\/wp\/v2\/comments?post=8934"}],"version-history":[{"count":1,"href":"https:\/\/prensapresidencialvenezuela.gob.ve\/index.php\/wp-json\/wp\/v2\/posts\/8934\/revisions"}],"predecessor-version":[{"id":8940,"href":"https:\/\/prensapresidencialvenezuela.gob.ve\/index.php\/wp-json\/wp\/v2\/posts\/8934\/revisions\/8940"}],"wp:featuredmedia":[{"embeddable":true,"href":"https:\/\/prensapresidencialvenezuela.gob.ve\/index.php\/wp-json\/wp\/v2\/media\/8924"}],"wp:attachment":[{"href":"https:\/\/prensapresidencialvenezuela.gob.ve\/index.php\/wp-json\/wp\/v2\/media?parent=8934"}],"wp:term":[{"taxonomy":"category","embeddable":true,"href":"https:\/\/prensapresidencialvenezuela.gob.ve\/index.php\/wp-json\/wp\/v2\/categories?post=8934"},{"taxonomy":"post_tag","embeddable":true,"href":"https:\/\/prensapresidencialvenezuela.gob.ve\/index.php\/wp-json\/wp\/v2\/tags?post=8934"}],"curies":[{"name":"wp","href":"https:\/\/api.w.org\/{rel}","templated":true}]}}