{"id":8947,"date":"2024-02-16T16:35:50","date_gmt":"2024-02-16T20:35:50","guid":{"rendered":"http:\/\/172.27.0.121\/?p=8947"},"modified":"2024-04-15T16:38:08","modified_gmt":"2024-04-15T20:38:08","slug":"nace-la-gran-mision-viva-venezuela","status":"publish","type":"post","link":"https:\/\/prensapresidencialvenezuela.gob.ve\/index.php\/2024\/02\/16\/nace-la-gran-mision-viva-venezuela\/","title":{"rendered":"Nace \u00a0la Gran Misi\u00f3n Viva Venezuela"},"content":{"rendered":"\n<p><\/p>\n\n\n\n<p><strong>Teatro Teresa Carre\u00f1o, Caracas.-<\/strong> Rescatar, preservar y difundir los valores tradicionales de Venezuela, es la premisa con la que nace la Gran Misi\u00f3n Viva Venezuela, programa que busca impulsar m\u00fasicas, cantos, ritmos y bailes populares del pa\u00eds.<\/p>\n\n\n\n<p>\u201cLes digo que estoy muy emocionado&#8230; Porque hoy nace la Gran Misi\u00f3n Viva Venezuela&#8230; La m\u00fasica, el canto, los ritmos, el baile de nuestra Patria&#8230; Una verdadera Revoluci\u00f3n de la cultura y la identidad nacional&#8230; Hagamos viral lo nuestro&#8230; Pendientes\u201d, expres\u00f3 el presidente de la Rep\u00fablica, Nicol\u00e1s Maduro, a trav\u00e9s de su cuenta en la red social X, @NicolasMaduro.<\/p>\n\n\n\n<p>La actividad que se inscribe en la conmemoraci\u00f3n de la siembra del cantor del pueblo, Al\u00ed Primera, se desarrolla en los espacios del Teatro Teresa Carre\u00f1o, ubicado en Caracas.<\/p>\n\n\n\n<p>La creaci\u00f3n de este programa fue anunciado por el Dignatario el pasado 04 de febrero, oportunidad en la cual enfatiz\u00f3 que esta iniciativa es importante para el pueblo, \u201cpero sobre todo para los ni\u00f1os y las ni\u00f1as, para las escuelas, porque tiene que ver con el rescate de nuestros valores, de nuestra m\u00fasica, de nuestros cantos, de nuestros bailes, el rescate de lo nuestro que es tan poderoso\u201d.<\/p>\n\n\n\n<p>Esta Gran Misi\u00f3n trabajar\u00e1 de forma articulada con la Misi\u00f3n Cultura Coraz\u00f3n Adentro, creada por el Comandante Eterno Hugo Ch\u00e1vez, al tiempo que incorporar\u00e1 a grupos musicales y culturales.<\/p>\n\n\n\n<p>En d\u00edas pasados, el Mandatario inst\u00f3 a las instituciones de Estado a revisar, priorizar y profundizar las pol\u00edticas p\u00fablicas para este a\u00f1o en aras de impulsar una nueva etapa de los programas sociales que impulsa la Revoluci\u00f3n Bolivariana.<\/p>\n\n\n\n<p>\u201cHemos hecho una reingenier\u00eda de los planes, de las pol\u00edticas p\u00fablicas de algunas misiones para adecuarlas al a\u00f1o 2024, ver 2030 y echarlas a andar con un nuevo impulso\u201d, se\u00f1al\u00f3 \u2013este jueves- el presidente de la Rep\u00fablica, Nicol\u00e1s Maduro, durante una jornada de trabajo dedicada al 1\u00d710 del Buen Gobierno.<\/p>\n\n\n\n<p>Acompa\u00f1an al Jefe de Estado, la primera combatiente y diputada a la Asamblea Nacional (AN), Cilia Flores de Maduro; Delcy Rodr\u00edguez, vicepresidenta Ejecutiva, Ernesto Villegas, ministro del Poder Popular para la Cultura,<\/p>\n\n\n\n<p><strong>Prensa Presidencial \/ Joelin Jim\u00e9nez<\/strong><\/p>\n","protected":false},"excerpt":{"rendered":"<p>Teatro Teresa Carre\u00f1o, Caracas.- Rescatar, preservar y difundir los valores tradicionales de Venezuela, es la premisa con la que nace la Gran Misi\u00f3n Viva Venezuela, programa que busca impulsar m\u00fasicas, cantos, ritmos y bailes populares del pa\u00eds. \u201cLes digo que estoy muy emocionado&#8230; Porque hoy nace la Gran Misi\u00f3n Viva Venezuela&#8230; La m\u00fasica, el canto, [&hellip;]<\/p>\n","protected":false},"author":1,"featured_media":8953,"comment_status":"open","ping_status":"open","sticky":false,"template":"","format":"standard","meta":{"footnotes":""},"categories":[7],"tags":[],"class_list":["post-8947","post","type-post","status-publish","format-standard","has-post-thumbnail","hentry","category-notas-de-prensa"],"_links":{"self":[{"href":"https:\/\/prensapresidencialvenezuela.gob.ve\/index.php\/wp-json\/wp\/v2\/posts\/8947","targetHints":{"allow":["GET"]}}],"collection":[{"href":"https:\/\/prensapresidencialvenezuela.gob.ve\/index.php\/wp-json\/wp\/v2\/posts"}],"about":[{"href":"https:\/\/prensapresidencialvenezuela.gob.ve\/index.php\/wp-json\/wp\/v2\/types\/post"}],"author":[{"embeddable":true,"href":"https:\/\/prensapresidencialvenezuela.gob.ve\/index.php\/wp-json\/wp\/v2\/users\/1"}],"replies":[{"embeddable":true,"href":"https:\/\/prensapresidencialvenezuela.gob.ve\/index.php\/wp-json\/wp\/v2\/comments?post=8947"}],"version-history":[{"count":1,"href":"https:\/\/prensapresidencialvenezuela.gob.ve\/index.php\/wp-json\/wp\/v2\/posts\/8947\/revisions"}],"predecessor-version":[{"id":8954,"href":"https:\/\/prensapresidencialvenezuela.gob.ve\/index.php\/wp-json\/wp\/v2\/posts\/8947\/revisions\/8954"}],"wp:featuredmedia":[{"embeddable":true,"href":"https:\/\/prensapresidencialvenezuela.gob.ve\/index.php\/wp-json\/wp\/v2\/media\/8953"}],"wp:attachment":[{"href":"https:\/\/prensapresidencialvenezuela.gob.ve\/index.php\/wp-json\/wp\/v2\/media?parent=8947"}],"wp:term":[{"taxonomy":"category","embeddable":true,"href":"https:\/\/prensapresidencialvenezuela.gob.ve\/index.php\/wp-json\/wp\/v2\/categories?post=8947"},{"taxonomy":"post_tag","embeddable":true,"href":"https:\/\/prensapresidencialvenezuela.gob.ve\/index.php\/wp-json\/wp\/v2\/tags?post=8947"}],"curies":[{"name":"wp","href":"https:\/\/api.w.org\/{rel}","templated":true}]}}