{"id":8967,"date":"2024-03-12T16:41:00","date_gmt":"2024-03-12T20:41:00","guid":{"rendered":"http:\/\/172.27.0.121\/?p=8967"},"modified":"2024-04-15T16:42:24","modified_gmt":"2024-04-15T20:42:24","slug":"presidente-nicolas-maduro-lidera-octavo-aniversario-de-los-clap","status":"publish","type":"post","link":"https:\/\/prensapresidencialvenezuela.gob.ve\/index.php\/2024\/03\/12\/presidente-nicolas-maduro-lidera-octavo-aniversario-de-los-clap\/","title":{"rendered":"Presidente Nicol\u00e1s Maduro lidera octavo aniversario de los CLAP"},"content":{"rendered":"\n<p><strong>San Juan de los Morros, estado Gu\u00e1rico.- <\/strong>Con la convicci\u00f3n de que \u201cestamos en el rumbo correcto\u201d, el presidente de la Rep\u00fablica, Nicol\u00e1s Maduro, celebra \u2013junto a l\u00edderes y lideresas de calle- el octavo aniversario de los Comit\u00e9 Locales de Abastecimiento y Producci\u00f3n (CLAP) desde el Domo Bolivariano de la Villa Ol\u00edmpica, ubicado en San Juan de los Morros.<\/p>\n\n\n\n<p>La conmemoraci\u00f3n que se inscribe en el D\u00eda Nacional de la Alimentaci\u00f3n, reivindica \u201cel milagro de un pueblo que decidi\u00f3 no ceder al chantaje imperialista y que produce su propio sustento\u201d.<\/p>\n\n\n\n<p>\u201cEstamos en el rumbo correcto, con mayor producci\u00f3n y esfuerzo, pariendo los recursos para garantizar que cada rubro alimenticio llegue a la mesa de las familias venezolanas\u201d, enfatiz\u00f3 \u2013m\u00e1s temprano- a trav\u00e9s de su cuenta en la red social X, @NicolasMaduro.<\/p>\n\n\n\n<p>Bajo el esquema de las 4S (sano, seguro, sabroso y soberano), Venezuela produce 97% de los combos de alimentos distribuidos mediante los CLAP, atendiendo a 7 millones 600 mil familias.<\/p>\n\n\n\n<p>Precisamente, durante el Mensaje Anual a la Naci\u00f3n, el Jefe de Estado instruy\u00f3 a que \u201cen una nueva etapa, no solo lleguemos a 7 millones 600 mil familias, sino que cada vez lleguemos con nuevos productos, mejores productos, que el CLAP sea revalorado, repotenciado\u201d.<\/p>\n\n\n\n<p>M\u00e1s de 2 mil toneladas de alimentos, equivalentes a m\u00e1s de 130 millones de combos CLAP y productos del Plan de Prote\u00edna se distribuyeron a escala nacional durante el a\u00f1o 2023. La meta este a\u00f1o apunta a alcanzar el 100% de la producci\u00f3n nacional.<\/p>\n\n\n\n<p><strong>Prensa Presidencial \/ Karelis Gonz\u00e1lez<\/strong><\/p>\n","protected":false},"excerpt":{"rendered":"<p>San Juan de los Morros, estado Gu\u00e1rico.- Con la convicci\u00f3n de que \u201cestamos en el rumbo correcto\u201d, el presidente de la Rep\u00fablica, Nicol\u00e1s Maduro, celebra \u2013junto a l\u00edderes y lideresas de calle- el octavo aniversario de los Comit\u00e9 Locales de Abastecimiento y Producci\u00f3n (CLAP) desde el Domo Bolivariano de la Villa Ol\u00edmpica, ubicado en San [&hellip;]<\/p>\n","protected":false},"author":4,"featured_media":8972,"comment_status":"open","ping_status":"open","sticky":false,"template":"","format":"standard","meta":{"footnotes":""},"categories":[18,7],"tags":[],"class_list":["post-8967","post","type-post","status-publish","format-standard","has-post-thumbnail","hentry","category-noticias-principales","category-notas-de-prensa"],"_links":{"self":[{"href":"https:\/\/prensapresidencialvenezuela.gob.ve\/index.php\/wp-json\/wp\/v2\/posts\/8967","targetHints":{"allow":["GET"]}}],"collection":[{"href":"https:\/\/prensapresidencialvenezuela.gob.ve\/index.php\/wp-json\/wp\/v2\/posts"}],"about":[{"href":"https:\/\/prensapresidencialvenezuela.gob.ve\/index.php\/wp-json\/wp\/v2\/types\/post"}],"author":[{"embeddable":true,"href":"https:\/\/prensapresidencialvenezuela.gob.ve\/index.php\/wp-json\/wp\/v2\/users\/4"}],"replies":[{"embeddable":true,"href":"https:\/\/prensapresidencialvenezuela.gob.ve\/index.php\/wp-json\/wp\/v2\/comments?post=8967"}],"version-history":[{"count":1,"href":"https:\/\/prensapresidencialvenezuela.gob.ve\/index.php\/wp-json\/wp\/v2\/posts\/8967\/revisions"}],"predecessor-version":[{"id":8973,"href":"https:\/\/prensapresidencialvenezuela.gob.ve\/index.php\/wp-json\/wp\/v2\/posts\/8967\/revisions\/8973"}],"wp:featuredmedia":[{"embeddable":true,"href":"https:\/\/prensapresidencialvenezuela.gob.ve\/index.php\/wp-json\/wp\/v2\/media\/8972"}],"wp:attachment":[{"href":"https:\/\/prensapresidencialvenezuela.gob.ve\/index.php\/wp-json\/wp\/v2\/media?parent=8967"}],"wp:term":[{"taxonomy":"category","embeddable":true,"href":"https:\/\/prensapresidencialvenezuela.gob.ve\/index.php\/wp-json\/wp\/v2\/categories?post=8967"},{"taxonomy":"post_tag","embeddable":true,"href":"https:\/\/prensapresidencialvenezuela.gob.ve\/index.php\/wp-json\/wp\/v2\/tags?post=8967"}],"curies":[{"name":"wp","href":"https:\/\/api.w.org\/{rel}","templated":true}]}}