{"id":8986,"date":"2024-02-19T16:45:38","date_gmt":"2024-02-19T20:45:38","guid":{"rendered":"http:\/\/172.27.0.121\/?p=8986"},"modified":"2024-04-15T16:47:08","modified_gmt":"2024-04-15T20:47:08","slug":"mas-de-6-mil-asambleas-populares-se-han-realizado-en-el-pais-a-partir-del-plan-7t","status":"publish","type":"post","link":"https:\/\/prensapresidencialvenezuela.gob.ve\/index.php\/2024\/02\/19\/mas-de-6-mil-asambleas-populares-se-han-realizado-en-el-pais-a-partir-del-plan-7t\/","title":{"rendered":"M\u00e1s de 6 mil asambleas populares se han realizado en el pa\u00eds a partir del Plan 7T"},"content":{"rendered":"\n<p><\/p>\n\n\n\n<p><strong>Palacio de Miraflores, Caracas. &#8211;<\/strong> Desde que el presidente de la Rep\u00fablica Bolivariana de Venezuela, Nicol\u00e1s Maduro, present\u00f3 en enero ante el pueblo venezolano nuevo plan compuesto por 7 l\u00edneas que rigen la recuperaci\u00f3n econ\u00f3mica del pa\u00eds y su transformaci\u00f3n social, con la participaci\u00f3n de todas y todos los ciudadanos, se han realizado m\u00e1s de 6 mil asambleas populares territoriales sectoriales en todo el territorio, arrojando miles de propuestas que se est\u00e1n sistematizando.<\/p>\n\n\n\n<p>En la edici\u00f3n n\u00famero 34 de su programa \u201cCon Maduro +\u201d, el Jefe de Estado ratific\u00f3 que en este sentido ha orientado a los equipos de debate de las 7T profundizar y ampliar los debates. \u201cVoy a recibir el jueves pr\u00f3ximo el primer informe global\u201d, precis\u00f3.<\/p>\n\n\n\n<p>\u201cEl jueves me dan las propuestas (\u2026) les he dicho, vamos a ampliar, a profundizar el debate de las Siete Transformaciones con el m\u00e9todo CDA (Consulta, Debate y Acci\u00f3n)\u201d, refiri\u00f3.<\/p>\n\n\n\n<p>El Mandatario nacional argument\u00f3 que \u201ctoda consulta, todo debate, debe aterrizar en una acci\u00f3n transformadora. Una acci\u00f3n de cambio, una acci\u00f3n de construcci\u00f3n\u201d.<\/p>\n\n\n\n<p>El Jefe de Estado vio con satisfacci\u00f3n que, desde su lanzamiento, \u201cel debate de las siete 7T se han ido in crescendo\u201d, as\u00ed como \u201clas asambleas sectoriales, territoriales, en el debate de las Siete Transformaciones que Venezuela necesita. Nada ni nadie nos puede sacar de ah\u00ed: Las transformaciones que Venezuela necesita bien debatidas, bien pensadas, compartidas entre todos y todas\u201d.<\/p>\n\n\n\n<p>En esa tarea, se\u00f1al\u00f3 que cada sector tiene su rol importante, al referirse al \u00e1mbito de los trabajadores, las trabajadoras, los campesinos, las campesinas, los pescadores, las pescadoras, los estudiantes, profesores, profesoras, maestros, m\u00e9dicos, el sector salud, el sector de la cultura, los empresarios, emprendedores, profesionales, t\u00e9cnicos, la clase media, en s\u00ed, todos los sectores del pa\u00eds.<\/p>\n\n\n\n<p>\u201cIn crescendo en el encuentro, en el debate, en el reencuentro, en la definici\u00f3n de nuestro perfil 2030 definido por quien tiene que definirlo. No son cosas de \u00e9lite, ni de especialistas\u201d, destac\u00f3, al tiempo que manifest\u00f3 que en este debate deben plantearse las siguientes interrogantes: \u201c\u00bfqu\u00e9 vamos a hacer con nuestro pa\u00eds? \u00bfc\u00f3mo lo vamos a construir? \u00bfhacia d\u00f3nde hay que poner la prioridad? \u00bfc\u00f3mo vamos a hacer para consolidar el terreno conquistado en la recuperaci\u00f3n econ\u00f3mica? \u00bfc\u00f3mo vamos a hacer para diversificar el modelo econ\u00f3mico y satisfacer las necesidades internas del pa\u00eds? \u00a1Convertirnos en un pa\u00eds exportador! Todas esas preguntas tienen que tener respuestas, y \u00bfqui\u00e9n debe responder?: \u00a1Ustedes!\u201d<\/p>\n\n\n\n<p>Record\u00f3 sobre las siete transformaciones necesarias que el pa\u00eds debe visualizar, est\u00e1n planteadas a \u201ccorto plazo: 2024, mediano plazo: 2027, largo plazo, dentro de esta visi\u00f3n, 2030\u201d.<\/p>\n\n\n\n<p>Puntualiz\u00f3 el Dignatario que la mejor manera de cumplir ese sue\u00f1o es trabajando intensamente el presente, pasando por procurar la \u201cindependencia plena en el pa\u00eds, en lo pol\u00edtico, econ\u00f3mico, tecnol\u00f3gico, cultural, lograr la descolonizaci\u00f3n completa de nuestras mentes, nuestra alma, nuestra cultura, revertir los procesos de desculturizaci\u00f3n acentuada producto de la crisis cultural en Occidente\u201d. <\/p>\n\n\n\n<p><strong>Prensa Presidencial \/ Ana\u00eds P\u00e9rez<\/strong><\/p>\n","protected":false},"excerpt":{"rendered":"<p>Palacio de Miraflores, Caracas. &#8211; Desde que el presidente de la Rep\u00fablica Bolivariana de Venezuela, Nicol\u00e1s Maduro, present\u00f3 en enero ante el pueblo venezolano nuevo plan compuesto por 7 l\u00edneas que rigen la recuperaci\u00f3n econ\u00f3mica del pa\u00eds y su transformaci\u00f3n social, con la participaci\u00f3n de todas y todos los ciudadanos, se han realizado m\u00e1s de [&hellip;]<\/p>\n","protected":false},"author":1,"featured_media":8989,"comment_status":"open","ping_status":"open","sticky":false,"template":"","format":"standard","meta":{"footnotes":""},"categories":[7],"tags":[],"class_list":["post-8986","post","type-post","status-publish","format-standard","has-post-thumbnail","hentry","category-notas-de-prensa"],"_links":{"self":[{"href":"https:\/\/prensapresidencialvenezuela.gob.ve\/index.php\/wp-json\/wp\/v2\/posts\/8986","targetHints":{"allow":["GET"]}}],"collection":[{"href":"https:\/\/prensapresidencialvenezuela.gob.ve\/index.php\/wp-json\/wp\/v2\/posts"}],"about":[{"href":"https:\/\/prensapresidencialvenezuela.gob.ve\/index.php\/wp-json\/wp\/v2\/types\/post"}],"author":[{"embeddable":true,"href":"https:\/\/prensapresidencialvenezuela.gob.ve\/index.php\/wp-json\/wp\/v2\/users\/1"}],"replies":[{"embeddable":true,"href":"https:\/\/prensapresidencialvenezuela.gob.ve\/index.php\/wp-json\/wp\/v2\/comments?post=8986"}],"version-history":[{"count":1,"href":"https:\/\/prensapresidencialvenezuela.gob.ve\/index.php\/wp-json\/wp\/v2\/posts\/8986\/revisions"}],"predecessor-version":[{"id":8990,"href":"https:\/\/prensapresidencialvenezuela.gob.ve\/index.php\/wp-json\/wp\/v2\/posts\/8986\/revisions\/8990"}],"wp:featuredmedia":[{"embeddable":true,"href":"https:\/\/prensapresidencialvenezuela.gob.ve\/index.php\/wp-json\/wp\/v2\/media\/8989"}],"wp:attachment":[{"href":"https:\/\/prensapresidencialvenezuela.gob.ve\/index.php\/wp-json\/wp\/v2\/media?parent=8986"}],"wp:term":[{"taxonomy":"category","embeddable":true,"href":"https:\/\/prensapresidencialvenezuela.gob.ve\/index.php\/wp-json\/wp\/v2\/categories?post=8986"},{"taxonomy":"post_tag","embeddable":true,"href":"https:\/\/prensapresidencialvenezuela.gob.ve\/index.php\/wp-json\/wp\/v2\/tags?post=8986"}],"curies":[{"name":"wp","href":"https:\/\/api.w.org\/{rel}","templated":true}]}}