{"id":9051,"date":"2024-02-20T17:02:01","date_gmt":"2024-02-20T21:02:01","guid":{"rendered":"http:\/\/172.27.0.121\/?p=9051"},"modified":"2024-04-15T17:03:40","modified_gmt":"2024-04-15T21:03:40","slug":"venezuela-ratifica-su-respaldo-a-rusia-en-la-lucha-contra-el-nazismo","status":"publish","type":"post","link":"https:\/\/prensapresidencialvenezuela.gob.ve\/index.php\/2024\/02\/20\/venezuela-ratifica-su-respaldo-a-rusia-en-la-lucha-contra-el-nazismo\/","title":{"rendered":"Venezuela ratifica su respaldo a Rusia en la lucha contra el nazismo"},"content":{"rendered":"\n<p><\/p>\n\n\n\n<p><strong>Palacio de Miraflores, Caracas.-<\/strong> A prop\u00f3sito de la visita de trabajo del canciller de la Federaci\u00f3n de Rusia, Sergu\u00e9i Lavrov, el presidente de la Rep\u00fablica, Nicol\u00e1s Maduro, revalid\u00f3 el respaldo de Caracas a la decidida lucha que enfrenta contra los intentos por reinstaurar la corriente nazi-fascista<\/p>\n\n\n\n<p>\u201cVenezuela apoya a Rusia en su lucha contra los nazis, es nuestra lucha\u201d, puntualiz\u00f3 desde el Palacio de Miraflores, ubicado en Caracas.<\/p>\n\n\n\n<p>En este sentido, el Jefe de Estado reivindic\u00f3 la capacidad de resistencia de la naci\u00f3n euroasi\u00e1tica a pesar de los ataques en el escenario internacional, que se traducen en la aplicaci\u00f3n ilegal de medidas coercitivas unilaterales.<\/p>\n\n\n\n<p>\u201cRusia avanza en todos los frentes (\u2026) Han resistido y ahora avanzan\u201d, enfatiz\u00f3 al estrechar la mano del canciller de Rusia, Sergu\u00e9i Lavrov, quien cumple -desde este lunes- una gira por Am\u00e9rica Latina y el Caribe destinada a afianzar las relaciones estrat\u00e9gicas con Cuba, Venezuela y Brasil.<\/p>\n\n\n\n<p>En el di\u00e1logo, ambas autoridades ratificaron el compromiso de Caracas y Mosc\u00fa con el cumplimiento de los principios de la Carta de las Naciones Unidas, acci\u00f3n que qued\u00f3 asentada en la declaraci\u00f3n conjunta de los cancilleres de Rusia, Sergu\u00e9i Lavrov, y Venezuela, Yv\u00e1n Gil.<\/p>\n\n\n\n<p>Sobre esto, el diplom\u00e1tico euroasi\u00e1tico enfatiz\u00f3 \u2013m\u00e1s temprano- que Venezuela y Rusia \u201cestamos unidas en nuestro rechazo a los m\u00e9todos dictatoriales, de chantaje y de restricciones unilaterales ilegales practicados por Estados Unidos\u201d.<\/p>\n\n\n\n<p>La visita del canciller de Rusia, Sergu\u00e9i Lavrov, tambi\u00e9n permiti\u00f3 repasar la agenda de trabajo conjunto en aras de ampliar el desarrollo de la ciencia, la tecnolog\u00eda, la econom\u00eda y la energ\u00eda.<\/p>\n\n\n\n<p>Igualmente, sent\u00f3 las bases de nuevos mecanismos y v\u00edas de cooperaci\u00f3n en el \u00e1mbito tur\u00edstico y cultural, detall\u00f3 el canciller de la Rep\u00fablica, Yv\u00e1n Gil, a trav\u00e9s de su cuenta en la red social X, @yvangil.<\/p>\n\n\n\n<p><strong>Prensa Presidencial \/ Karelis Gonz\u00e1lez<\/strong><\/p>\n","protected":false},"excerpt":{"rendered":"<p>Palacio de Miraflores, Caracas.- A prop\u00f3sito de la visita de trabajo del canciller de la Federaci\u00f3n de Rusia, Sergu\u00e9i Lavrov, el presidente de la Rep\u00fablica, Nicol\u00e1s Maduro, revalid\u00f3 el respaldo de Caracas a la decidida lucha que enfrenta contra los intentos por reinstaurar la corriente nazi-fascista \u201cVenezuela apoya a Rusia en su lucha contra los [&hellip;]<\/p>\n","protected":false},"author":1,"featured_media":9055,"comment_status":"open","ping_status":"open","sticky":false,"template":"","format":"standard","meta":{"footnotes":""},"categories":[7],"tags":[],"class_list":["post-9051","post","type-post","status-publish","format-standard","has-post-thumbnail","hentry","category-notas-de-prensa"],"_links":{"self":[{"href":"https:\/\/prensapresidencialvenezuela.gob.ve\/index.php\/wp-json\/wp\/v2\/posts\/9051","targetHints":{"allow":["GET"]}}],"collection":[{"href":"https:\/\/prensapresidencialvenezuela.gob.ve\/index.php\/wp-json\/wp\/v2\/posts"}],"about":[{"href":"https:\/\/prensapresidencialvenezuela.gob.ve\/index.php\/wp-json\/wp\/v2\/types\/post"}],"author":[{"embeddable":true,"href":"https:\/\/prensapresidencialvenezuela.gob.ve\/index.php\/wp-json\/wp\/v2\/users\/1"}],"replies":[{"embeddable":true,"href":"https:\/\/prensapresidencialvenezuela.gob.ve\/index.php\/wp-json\/wp\/v2\/comments?post=9051"}],"version-history":[{"count":1,"href":"https:\/\/prensapresidencialvenezuela.gob.ve\/index.php\/wp-json\/wp\/v2\/posts\/9051\/revisions"}],"predecessor-version":[{"id":9056,"href":"https:\/\/prensapresidencialvenezuela.gob.ve\/index.php\/wp-json\/wp\/v2\/posts\/9051\/revisions\/9056"}],"wp:featuredmedia":[{"embeddable":true,"href":"https:\/\/prensapresidencialvenezuela.gob.ve\/index.php\/wp-json\/wp\/v2\/media\/9055"}],"wp:attachment":[{"href":"https:\/\/prensapresidencialvenezuela.gob.ve\/index.php\/wp-json\/wp\/v2\/media?parent=9051"}],"wp:term":[{"taxonomy":"category","embeddable":true,"href":"https:\/\/prensapresidencialvenezuela.gob.ve\/index.php\/wp-json\/wp\/v2\/categories?post=9051"},{"taxonomy":"post_tag","embeddable":true,"href":"https:\/\/prensapresidencialvenezuela.gob.ve\/index.php\/wp-json\/wp\/v2\/tags?post=9051"}],"curies":[{"name":"wp","href":"https:\/\/api.w.org\/{rel}","templated":true}]}}