{"id":9078,"date":"2024-02-20T17:09:42","date_gmt":"2024-02-20T21:09:42","guid":{"rendered":"http:\/\/172.27.0.121\/?p=9078"},"modified":"2024-04-15T17:11:37","modified_gmt":"2024-04-15T21:11:37","slug":"embajador-de-la-republica-cooperativa-de-guyana-presento-cartas-credenciales-ante-el-presidente-maduro","status":"publish","type":"post","link":"https:\/\/prensapresidencialvenezuela.gob.ve\/index.php\/2024\/02\/20\/embajador-de-la-republica-cooperativa-de-guyana-presento-cartas-credenciales-ante-el-presidente-maduro\/","title":{"rendered":"Embajador de la Rep\u00fablica Cooperativa de Guyana present\u00f3 Cartas Credenciales ante el Presidente Maduro"},"content":{"rendered":"\n<p><\/p>\n\n\n\n<p><strong>Palacio de Miraflores, Caracas.-<\/strong> Las cartas credenciales de embajador de la Rep\u00fablica Cooperativa de Guyana, Richard Van West- Charles, recibi\u00f3 este martes, el presidente de la Rep\u00fablica Bolivariana de Venezuela, Nicol\u00e1s Maduro Moros.<\/p>\n\n\n\n<p>Desde el Sal\u00f3n Sol del Per\u00fa, ubicado en el Palacio de Miraflores, se desarroll\u00f3 el encuentro fraterno que permite afianzar los lazos de diplomacia y cooperaci\u00f3n entre ambos pa\u00edses.<\/p>\n\n\n\n<p>Richard Van West-Charles es doctor en medicina, con una trayectoria de m\u00e1s de cuarenta a\u00f1os en salud p\u00fablica y gesti\u00f3n de recursos h\u00eddricos.<\/p>\n\n\n\n<p>Se desempe\u00f1\u00f3 como Jefe de Guyana Water Incorporated (GWI), su destacada experiencia acad\u00e9mica y ejecutiva lo ha llevado a desempe\u00f1ar importantes cargos nacionales e internacionales.<\/p>\n\n\n\n<p>Previo a su nombramiento en Caracas fungi\u00f3 como Presidente de la Alianza \u00c1frica Occidental-Am\u00e9rica del Sur Inc.<\/p>\n\n\n\n<p>El pasado 14 de diciembre se llev\u00f3 a cabo la primera reuni\u00f3n de alto nivel entre las delegaciones de Venezuela y Guyana en San Vicente y las Granadinas, como parte del di\u00e1logo entre ambos pa\u00edses sobre la disputa de la controversia por el territorio Esequibo.<\/p>\n\n\n\n<p><strong>Prensa Presidencial \/ Joelin Jim\u00e9nez<\/strong><\/p>\n","protected":false},"excerpt":{"rendered":"<p>Palacio de Miraflores, Caracas.- Las cartas credenciales de embajador de la Rep\u00fablica Cooperativa de Guyana, Richard Van West- Charles, recibi\u00f3 este martes, el presidente de la Rep\u00fablica Bolivariana de Venezuela, Nicol\u00e1s Maduro Moros. Desde el Sal\u00f3n Sol del Per\u00fa, ubicado en el Palacio de Miraflores, se desarroll\u00f3 el encuentro fraterno que permite afianzar los lazos [&hellip;]<\/p>\n","protected":false},"author":1,"featured_media":9082,"comment_status":"open","ping_status":"open","sticky":false,"template":"","format":"standard","meta":{"footnotes":""},"categories":[7],"tags":[],"class_list":["post-9078","post","type-post","status-publish","format-standard","has-post-thumbnail","hentry","category-notas-de-prensa"],"_links":{"self":[{"href":"https:\/\/prensapresidencialvenezuela.gob.ve\/index.php\/wp-json\/wp\/v2\/posts\/9078","targetHints":{"allow":["GET"]}}],"collection":[{"href":"https:\/\/prensapresidencialvenezuela.gob.ve\/index.php\/wp-json\/wp\/v2\/posts"}],"about":[{"href":"https:\/\/prensapresidencialvenezuela.gob.ve\/index.php\/wp-json\/wp\/v2\/types\/post"}],"author":[{"embeddable":true,"href":"https:\/\/prensapresidencialvenezuela.gob.ve\/index.php\/wp-json\/wp\/v2\/users\/1"}],"replies":[{"embeddable":true,"href":"https:\/\/prensapresidencialvenezuela.gob.ve\/index.php\/wp-json\/wp\/v2\/comments?post=9078"}],"version-history":[{"count":1,"href":"https:\/\/prensapresidencialvenezuela.gob.ve\/index.php\/wp-json\/wp\/v2\/posts\/9078\/revisions"}],"predecessor-version":[{"id":9083,"href":"https:\/\/prensapresidencialvenezuela.gob.ve\/index.php\/wp-json\/wp\/v2\/posts\/9078\/revisions\/9083"}],"wp:featuredmedia":[{"embeddable":true,"href":"https:\/\/prensapresidencialvenezuela.gob.ve\/index.php\/wp-json\/wp\/v2\/media\/9082"}],"wp:attachment":[{"href":"https:\/\/prensapresidencialvenezuela.gob.ve\/index.php\/wp-json\/wp\/v2\/media?parent=9078"}],"wp:term":[{"taxonomy":"category","embeddable":true,"href":"https:\/\/prensapresidencialvenezuela.gob.ve\/index.php\/wp-json\/wp\/v2\/categories?post=9078"},{"taxonomy":"post_tag","embeddable":true,"href":"https:\/\/prensapresidencialvenezuela.gob.ve\/index.php\/wp-json\/wp\/v2\/tags?post=9078"}],"curies":[{"name":"wp","href":"https:\/\/api.w.org\/{rel}","templated":true}]}}