{"id":9092,"date":"2024-03-14T17:15:00","date_gmt":"2024-03-14T21:15:00","guid":{"rendered":"http:\/\/172.27.0.121\/?p=9092"},"modified":"2024-04-15T17:17:05","modified_gmt":"2024-04-15T21:17:05","slug":"presidente-maduro-ratifica-compromiso-de-gobernar-obedeciendo-al-pueblo","status":"publish","type":"post","link":"https:\/\/prensapresidencialvenezuela.gob.ve\/index.php\/2024\/03\/14\/presidente-maduro-ratifica-compromiso-de-gobernar-obedeciendo-al-pueblo\/","title":{"rendered":"Presidente Maduro ratifica compromiso de gobernar obedeciendo al pueblo"},"content":{"rendered":"\n<p><strong>Car\u00fapano, estado Sucre.-<\/strong> \u201cYo digo am\u00e9n, me toca obedecer el mandato del pueblo\u201d, afirm\u00f3 el presidente de la Rep\u00fablica, Nicol\u00e1s Maduro Moros, al ratificar el car\u00e1cter socialista de la Revoluci\u00f3n Bolivariana y consagrarse al servicio de los venezolanos y las venezolanas.<\/p>\n\n\n\n<p>\u201cGobierno revolucionario, gobierno que obedece al pueblo\u201d, dijo el Mandatario nacional tras recibir el abrazo de los sucrenses al llegar a la localidad de Car\u00fapano para celebrar el D\u00eda de la Pescadora y el Pescador.<\/p>\n\n\n\n<p>El abanderado bolivariano y chavista, baj\u00f3 del veh\u00edculo presidencial para estrechar la mano de hombres y mujeres que esperaban a lo largo de las calles del oriente del pa\u00eds para ver a su l\u00edder y entregar peticiones llenos de esperanza y amor.<\/p>\n\n\n\n<p>Cabe destacar que el sector pesquero se ha sumado a la discusi\u00f3n de las siete transformaciones de cara al 2030 (7T-2030) y ha hecho propuestas que fueron escuchadas por el presidente Maduro.<\/p>\n\n\n\n<p>Al respecto, el Dignatario aprob\u00f3 la cobertura y protecci\u00f3n social integral de todas las comunidades pesqueras, del campo y la ciudad como parte de la Gran Misi\u00f3n Igualdad y Justicia Social.<\/p>\n\n\n\n<p>Adem\u00e1s instruy\u00f3 elaborar, en un lapso no mayor a 72 horas, un plan especial de atenci\u00f3n del combustible para toda la comunidad pesquera, as\u00ed como tambi\u00e9n llevar a cabo un plan de pesca segura.<\/p>\n\n\n\n<p><strong>Prensa Presidencial \/ Bianca Borrero<\/strong><\/p>\n","protected":false},"excerpt":{"rendered":"<p>Car\u00fapano, estado Sucre.- \u201cYo digo am\u00e9n, me toca obedecer el mandato del pueblo\u201d, afirm\u00f3 el presidente de la Rep\u00fablica, Nicol\u00e1s Maduro Moros, al ratificar el car\u00e1cter socialista de la Revoluci\u00f3n Bolivariana y consagrarse al servicio de los venezolanos y las venezolanas. \u201cGobierno revolucionario, gobierno que obedece al pueblo\u201d, dijo el Mandatario nacional tras recibir el [&hellip;]<\/p>\n","protected":false},"author":4,"featured_media":9095,"comment_status":"open","ping_status":"open","sticky":false,"template":"","format":"standard","meta":{"footnotes":""},"categories":[18,7],"tags":[],"class_list":["post-9092","post","type-post","status-publish","format-standard","has-post-thumbnail","hentry","category-noticias-principales","category-notas-de-prensa"],"_links":{"self":[{"href":"https:\/\/prensapresidencialvenezuela.gob.ve\/index.php\/wp-json\/wp\/v2\/posts\/9092","targetHints":{"allow":["GET"]}}],"collection":[{"href":"https:\/\/prensapresidencialvenezuela.gob.ve\/index.php\/wp-json\/wp\/v2\/posts"}],"about":[{"href":"https:\/\/prensapresidencialvenezuela.gob.ve\/index.php\/wp-json\/wp\/v2\/types\/post"}],"author":[{"embeddable":true,"href":"https:\/\/prensapresidencialvenezuela.gob.ve\/index.php\/wp-json\/wp\/v2\/users\/4"}],"replies":[{"embeddable":true,"href":"https:\/\/prensapresidencialvenezuela.gob.ve\/index.php\/wp-json\/wp\/v2\/comments?post=9092"}],"version-history":[{"count":1,"href":"https:\/\/prensapresidencialvenezuela.gob.ve\/index.php\/wp-json\/wp\/v2\/posts\/9092\/revisions"}],"predecessor-version":[{"id":9096,"href":"https:\/\/prensapresidencialvenezuela.gob.ve\/index.php\/wp-json\/wp\/v2\/posts\/9092\/revisions\/9096"}],"wp:featuredmedia":[{"embeddable":true,"href":"https:\/\/prensapresidencialvenezuela.gob.ve\/index.php\/wp-json\/wp\/v2\/media\/9095"}],"wp:attachment":[{"href":"https:\/\/prensapresidencialvenezuela.gob.ve\/index.php\/wp-json\/wp\/v2\/media?parent=9092"}],"wp:term":[{"taxonomy":"category","embeddable":true,"href":"https:\/\/prensapresidencialvenezuela.gob.ve\/index.php\/wp-json\/wp\/v2\/categories?post=9092"},{"taxonomy":"post_tag","embeddable":true,"href":"https:\/\/prensapresidencialvenezuela.gob.ve\/index.php\/wp-json\/wp\/v2\/tags?post=9092"}],"curies":[{"name":"wp","href":"https:\/\/api.w.org\/{rel}","templated":true}]}}