{"id":9105,"date":"2023-11-20T21:08:00","date_gmt":"2023-11-21T01:08:00","guid":{"rendered":"http:\/\/172.27.0.121\/?p=9105"},"modified":"2024-04-15T17:20:44","modified_gmt":"2024-04-15T21:20:44","slug":"venezuela-respondera-con-el-voto-a-las-pretensiones-de-la-exxonmobil","status":"publish","type":"post","link":"https:\/\/prensapresidencialvenezuela.gob.ve\/index.php\/2023\/11\/20\/venezuela-respondera-con-el-voto-a-las-pretensiones-de-la-exxonmobil\/","title":{"rendered":"Venezuela responder\u00e1 con el voto a las pretensiones de la ExxonMobil"},"content":{"rendered":"\n<p><strong>Teatro Teresa Carre\u00f1o, Caracas.-<\/strong>&nbsp;Durante la lectura de portales digitales en su programa \u201cCon Maduro +\u201d, el presidente de la Rep\u00fablica Bolivariana de Venezuela, Nicol\u00e1s Maduro Moros, se refiri\u00f3 a los recientes ataques que ha proferido el mandatario de Guyana, Mohamed Irfaan Ali, contra Venezuela y destac\u00f3 que el pueblo le responder\u00e1 de manera \u00fanica el domingo 03 de diciembre, desde la urnas electorales.<\/p>\n\n\n\n<p>\u201cLe va a responder todas las provocaciones a la ExxonMobil, al Comando Sur y al presidente de Guyana, con su forma de responder: Con el voto popular masivamente\u201d.<\/p>\n\n\n\n<p>En el marco del refer\u00e9ndum consultivo en defensa del territorio Esequibo, el gobierno nacional ha conformado toda una plataforma estrat\u00e9gica, a la cabeza del \u201cComando de Campa\u00f1a Venezuela Toda\u201d, para llevar a cabo con \u00e9xito&nbsp; el proceso que dar\u00e1 sus frutos el pr\u00f3ximo 3 de diciembre.<\/p>\n\n\n\n<p>El gobierno de Guyana ha solicitado ante la Corte Internacional de Justicia (CIJ) la supresi\u00f3n de la consulta, hecho que Venezuela ha calificado como una pretensi\u00f3n de colonialismo judicial.<\/p>\n\n\n\n<p>Adem\u00e1s, ha pretendido menoscabar la soberan\u00eda nacional difundiendo amenazas contra Venezuela y buscando artima\u00f1as a trav\u00e9s de la Corte para cercenar la voz del pueblo venezolano e impedir la consulta soberana en apoyo al Esequibo.<\/p>\n\n\n\n<p>El gobierno venezolano ha denunciado en diversas oportunidades y ante el mundo el il\u00edcito que Guyana desarrolla con la anuencia de los imperios estadounidense y brit\u00e1nico al conceder, de forma ilegal, licitaciones en aguas irrevocablemente venezolanas.<\/p>\n\n\n\n<p>En ese contexto, la respuesta de las y los venezolanos ha sido de unidad contundente.<\/p>\n\n\n\n<p>\u201cCon el voto en la calle, con conciencia le vamos a responder, con una sola voz\u201d al gobierno de Guyana, ratific\u00f3 el presidente Maduro.<\/p>\n\n\n\n<p><strong>Prensa Presidencial\/Mar\u00eda Mercedes Noguera<\/strong><\/p>\n","protected":false},"excerpt":{"rendered":"<p>Teatro Teresa Carre\u00f1o, Caracas.-&nbsp;Durante la lectura de portales digitales en su programa \u201cCon Maduro +\u201d, el presidente de la Rep\u00fablica Bolivariana de Venezuela, Nicol\u00e1s Maduro Moros, se refiri\u00f3 a los recientes ataques que ha proferido el mandatario de Guyana, Mohamed Irfaan Ali, contra Venezuela y destac\u00f3 que el pueblo le responder\u00e1 de manera \u00fanica el [&hellip;]<\/p>\n","protected":false},"author":4,"featured_media":9114,"comment_status":"open","ping_status":"open","sticky":false,"template":"","format":"standard","meta":{"footnotes":""},"categories":[18,7],"tags":[30,163,161,19,27,20],"class_list":["post-9105","post","type-post","status-publish","format-standard","has-post-thumbnail","hentry","category-noticias-principales","category-notas-de-prensa","tag-destacado","tag-exxonmobil","tag-maduro","tag-nicolas-maduro","tag-revolucion-bolivariana","tag-venezuela"],"_links":{"self":[{"href":"https:\/\/prensapresidencialvenezuela.gob.ve\/index.php\/wp-json\/wp\/v2\/posts\/9105","targetHints":{"allow":["GET"]}}],"collection":[{"href":"https:\/\/prensapresidencialvenezuela.gob.ve\/index.php\/wp-json\/wp\/v2\/posts"}],"about":[{"href":"https:\/\/prensapresidencialvenezuela.gob.ve\/index.php\/wp-json\/wp\/v2\/types\/post"}],"author":[{"embeddable":true,"href":"https:\/\/prensapresidencialvenezuela.gob.ve\/index.php\/wp-json\/wp\/v2\/users\/4"}],"replies":[{"embeddable":true,"href":"https:\/\/prensapresidencialvenezuela.gob.ve\/index.php\/wp-json\/wp\/v2\/comments?post=9105"}],"version-history":[{"count":1,"href":"https:\/\/prensapresidencialvenezuela.gob.ve\/index.php\/wp-json\/wp\/v2\/posts\/9105\/revisions"}],"predecessor-version":[{"id":9118,"href":"https:\/\/prensapresidencialvenezuela.gob.ve\/index.php\/wp-json\/wp\/v2\/posts\/9105\/revisions\/9118"}],"wp:featuredmedia":[{"embeddable":true,"href":"https:\/\/prensapresidencialvenezuela.gob.ve\/index.php\/wp-json\/wp\/v2\/media\/9114"}],"wp:attachment":[{"href":"https:\/\/prensapresidencialvenezuela.gob.ve\/index.php\/wp-json\/wp\/v2\/media?parent=9105"}],"wp:term":[{"taxonomy":"category","embeddable":true,"href":"https:\/\/prensapresidencialvenezuela.gob.ve\/index.php\/wp-json\/wp\/v2\/categories?post=9105"},{"taxonomy":"post_tag","embeddable":true,"href":"https:\/\/prensapresidencialvenezuela.gob.ve\/index.php\/wp-json\/wp\/v2\/tags?post=9105"}],"curies":[{"name":"wp","href":"https:\/\/api.w.org\/{rel}","templated":true}]}}