{"id":9126,"date":"2023-11-20T21:22:00","date_gmt":"2023-11-21T01:22:00","guid":{"rendered":"http:\/\/172.27.0.121\/?p=9126"},"modified":"2024-04-15T17:24:36","modified_gmt":"2024-04-15T21:24:36","slug":"finaliza-con-exito-la-xix-feria-internacional-del-libro-de-venezuela","status":"publish","type":"post","link":"https:\/\/prensapresidencialvenezuela.gob.ve\/index.php\/2023\/11\/20\/finaliza-con-exito-la-xix-feria-internacional-del-libro-de-venezuela\/","title":{"rendered":"Finaliza con \u00e9xito la XIX Feria Internacional del Libro de Venezuela"},"content":{"rendered":"\n<p><strong>Teatro Teresa Carre\u00f1o, Caracas<\/strong>.- Los resultados de la XIX Feria Internacional del Libro de Venezuela, fueron analizados por el jefe de Estado, Nicol\u00e1s Maduro, en su programa&nbsp;<em>Con Maduro +,<\/em>&nbsp;en su edici\u00f3n n\u00famero 26, destac\u00e1ndose la participaci\u00f3n de &nbsp;diversos autores y del&nbsp; pueblo en la cita cultural, as\u00ed como la solidaridad con el pueblo de Palestina.<\/p>\n\n\n\n<p>\u201cEste es un punto estelar de la Feria Internacional del Libro con Palestina\u201d, expres\u00f3 el Mandatario nacional al referir la solidaridad de Venezuela con el pueblo hermano. Igualmente, el presidente Maduro, felicit\u00f3 a los escritores y poetas que participaron en la FilVen 2023, que ahora se traslada al interior del pa\u00eds.<\/p>\n\n\n\n<p>Por su parte, el ministro del Poder Popular para la Cultura, Ernesto Villegas, detall\u00f3 que los resultados de la FilVen, en su edici\u00f3n XIX, &nbsp;que recibi\u00f3 al estado Amazonas y que ten\u00eda como invitado especial a la Rep\u00fablica de Colombia con el \u201cElogio de la hospitalidad\u201d, fueron de grandes satisfacciones motivado a la amplia participaci\u00f3n del pueblo, las demostraciones culturales, de conciertos, exposiciones editoriales de autores nacionales e internacionales&nbsp; y de esculturas como las de Fernando Botero y Francisco Narv\u00e1ez.<\/p>\n\n\n\n<p>Adem\u00e1s en la FilVen 2023, se expres\u00f3 la solidaridad a Palestina y la condena al genocidio que perpetra el Estado de Israel en la Franja de Gaza, a trav\u00e9s de un comunicado escrito por jud\u00edos y jud\u00edas antisionistas que fue le\u00eddo por el acad\u00e9mico y soci\u00f3logo estadounidense, Lucas Koerner.<\/p>\n\n\n\n<p>En el documento se exige el alto inmediato al fuego, el levantamiento del asedio y el bloqueo econ\u00f3mico israel\u00ed contra Gaza que est\u00e1 siendo colonizada, entre otros aspectos.<\/p>\n\n\n\n<p><strong>Prensa presidencial\/Yndira L\u00f3pez<\/strong><\/p>\n","protected":false},"excerpt":{"rendered":"<p>Teatro Teresa Carre\u00f1o, Caracas.- Los resultados de la XIX Feria Internacional del Libro de Venezuela, fueron analizados por el jefe de Estado, Nicol\u00e1s Maduro, en su programa&nbsp;Con Maduro +,&nbsp;en su edici\u00f3n n\u00famero 26, destac\u00e1ndose la participaci\u00f3n de &nbsp;diversos autores y del&nbsp; pueblo en la cita cultural, as\u00ed como la solidaridad con el pueblo de Palestina. [&hellip;]<\/p>\n","protected":false},"author":4,"featured_media":9134,"comment_status":"open","ping_status":"open","sticky":false,"template":"","format":"standard","meta":{"footnotes":""},"categories":[18,7],"tags":[30,79,161,19,27,20],"class_list":["post-9126","post","type-post","status-publish","format-standard","has-post-thumbnail","hentry","category-noticias-principales","category-notas-de-prensa","tag-destacado","tag-filven","tag-maduro","tag-nicolas-maduro","tag-revolucion-bolivariana","tag-venezuela"],"_links":{"self":[{"href":"https:\/\/prensapresidencialvenezuela.gob.ve\/index.php\/wp-json\/wp\/v2\/posts\/9126","targetHints":{"allow":["GET"]}}],"collection":[{"href":"https:\/\/prensapresidencialvenezuela.gob.ve\/index.php\/wp-json\/wp\/v2\/posts"}],"about":[{"href":"https:\/\/prensapresidencialvenezuela.gob.ve\/index.php\/wp-json\/wp\/v2\/types\/post"}],"author":[{"embeddable":true,"href":"https:\/\/prensapresidencialvenezuela.gob.ve\/index.php\/wp-json\/wp\/v2\/users\/4"}],"replies":[{"embeddable":true,"href":"https:\/\/prensapresidencialvenezuela.gob.ve\/index.php\/wp-json\/wp\/v2\/comments?post=9126"}],"version-history":[{"count":1,"href":"https:\/\/prensapresidencialvenezuela.gob.ve\/index.php\/wp-json\/wp\/v2\/posts\/9126\/revisions"}],"predecessor-version":[{"id":9135,"href":"https:\/\/prensapresidencialvenezuela.gob.ve\/index.php\/wp-json\/wp\/v2\/posts\/9126\/revisions\/9135"}],"wp:featuredmedia":[{"embeddable":true,"href":"https:\/\/prensapresidencialvenezuela.gob.ve\/index.php\/wp-json\/wp\/v2\/media\/9134"}],"wp:attachment":[{"href":"https:\/\/prensapresidencialvenezuela.gob.ve\/index.php\/wp-json\/wp\/v2\/media?parent=9126"}],"wp:term":[{"taxonomy":"category","embeddable":true,"href":"https:\/\/prensapresidencialvenezuela.gob.ve\/index.php\/wp-json\/wp\/v2\/categories?post=9126"},{"taxonomy":"post_tag","embeddable":true,"href":"https:\/\/prensapresidencialvenezuela.gob.ve\/index.php\/wp-json\/wp\/v2\/tags?post=9126"}],"curies":[{"name":"wp","href":"https:\/\/api.w.org\/{rel}","templated":true}]}}