{"id":9127,"date":"2024-03-16T17:22:00","date_gmt":"2024-03-16T21:22:00","guid":{"rendered":"http:\/\/172.27.0.121\/?p=9127"},"modified":"2024-04-15T17:23:51","modified_gmt":"2024-04-15T21:23:51","slug":"maduro-es-proclamado-como-el-candidato-de-la-revolucion-para-las-presidenciales-2024","status":"publish","type":"post","link":"https:\/\/prensapresidencialvenezuela.gob.ve\/index.php\/2024\/03\/16\/maduro-es-proclamado-como-el-candidato-de-la-revolucion-para-las-presidenciales-2024\/","title":{"rendered":"Maduro es proclamado como el candidato de la revoluci\u00f3n para las presidenciales 2024"},"content":{"rendered":"\n<p><strong>Poliedro de Caracas.-<\/strong> Durante la plenaria del V Congreso del Partido Socialista Unido de Venezuela (PSUV), el l\u00edder bolivariano, Nicol\u00e1s Maduro Moros, es proclamado este s\u00e1bado, 16 de marzo, como el candidato de la revoluci\u00f3n para las elecciones presidenciales del pr\u00f3ximo 28 de julio.<\/p>\n\n\n\n<p>El acto se lleva a cabo en las instalaciones del Poliedro de Caracas, escenario en el cual ser\u00e1n presentadas las actas emanadas de las m\u00e1s de 317 mil asambleas populares efectuadas en todo el territorio nacional.<\/p>\n\n\n\n<p>Un total de 4 millones 240 mil 32 militantes de base participaron en los encuentros de calle, comunidad y Unidades de Batalla Bol\u00edvar-Ch\u00e1vez (UBCh) en todo el pa\u00eds para proponer y ratificar unitariamente al actual Presidente de la Rep\u00fablica, Nicol\u00e1s Maduro, como su candidato a los comicios de este 2024, inform\u00f3 el primer vicepresidente de la tolda roja, Diosdado Cabello.<\/p>\n\n\n\n<p>El cronograma establecido por el Consejo Nacional Electoral (CNE) contempla la presentaci\u00f3n de postulaci\u00f3n de candidatos o candidatas del 21 al 25 de marzo, mientras que la campa\u00f1a electoral ser\u00e1 del 4 al 25 de julio.<\/p>\n\n\n\n<p><strong>Prensa Presidencial<\/strong><\/p>\n","protected":false},"excerpt":{"rendered":"<p>Poliedro de Caracas.- Durante la plenaria del V Congreso del Partido Socialista Unido de Venezuela (PSUV), el l\u00edder bolivariano, Nicol\u00e1s Maduro Moros, es proclamado este s\u00e1bado, 16 de marzo, como el candidato de la revoluci\u00f3n para las elecciones presidenciales del pr\u00f3ximo 28 de julio. El acto se lleva a cabo en las instalaciones del Poliedro [&hellip;]<\/p>\n","protected":false},"author":4,"featured_media":9129,"comment_status":"open","ping_status":"open","sticky":false,"template":"","format":"standard","meta":{"footnotes":""},"categories":[18,7],"tags":[],"class_list":["post-9127","post","type-post","status-publish","format-standard","has-post-thumbnail","hentry","category-noticias-principales","category-notas-de-prensa"],"_links":{"self":[{"href":"https:\/\/prensapresidencialvenezuela.gob.ve\/index.php\/wp-json\/wp\/v2\/posts\/9127","targetHints":{"allow":["GET"]}}],"collection":[{"href":"https:\/\/prensapresidencialvenezuela.gob.ve\/index.php\/wp-json\/wp\/v2\/posts"}],"about":[{"href":"https:\/\/prensapresidencialvenezuela.gob.ve\/index.php\/wp-json\/wp\/v2\/types\/post"}],"author":[{"embeddable":true,"href":"https:\/\/prensapresidencialvenezuela.gob.ve\/index.php\/wp-json\/wp\/v2\/users\/4"}],"replies":[{"embeddable":true,"href":"https:\/\/prensapresidencialvenezuela.gob.ve\/index.php\/wp-json\/wp\/v2\/comments?post=9127"}],"version-history":[{"count":1,"href":"https:\/\/prensapresidencialvenezuela.gob.ve\/index.php\/wp-json\/wp\/v2\/posts\/9127\/revisions"}],"predecessor-version":[{"id":9132,"href":"https:\/\/prensapresidencialvenezuela.gob.ve\/index.php\/wp-json\/wp\/v2\/posts\/9127\/revisions\/9132"}],"wp:featuredmedia":[{"embeddable":true,"href":"https:\/\/prensapresidencialvenezuela.gob.ve\/index.php\/wp-json\/wp\/v2\/media\/9129"}],"wp:attachment":[{"href":"https:\/\/prensapresidencialvenezuela.gob.ve\/index.php\/wp-json\/wp\/v2\/media?parent=9127"}],"wp:term":[{"taxonomy":"category","embeddable":true,"href":"https:\/\/prensapresidencialvenezuela.gob.ve\/index.php\/wp-json\/wp\/v2\/categories?post=9127"},{"taxonomy":"post_tag","embeddable":true,"href":"https:\/\/prensapresidencialvenezuela.gob.ve\/index.php\/wp-json\/wp\/v2\/tags?post=9127"}],"curies":[{"name":"wp","href":"https:\/\/api.w.org\/{rel}","templated":true}]}}